{"id":4465,"date":"2015-09-18T09:20:04","date_gmt":"2015-09-18T07:20:04","guid":{"rendered":"http:\/\/storytellers.se\/?p=4465"},"modified":"2015-09-18T09:20:04","modified_gmt":"2015-09-18T07:20:04","slug":"basta-storyn-vinner-slaget-om-framtiden","status":"publish","type":"post","link":"https:\/\/storytellers.se\/?p=4465","title":{"rendered":"B\u00e4sta storyn vinner slaget om framtiden!"},"content":{"rendered":"<p>M\u00e4nniskan har alltid ber\u00e4ttat f\u00f6r att f\u00f6rst\u00e5 var hon kommer ifr\u00e5n, var hon befinner sig och vart hon \u00e4r p\u00e5 v\u00e4g. Det g\u00e4ller s\u00e5v\u00e4l indianerna i Amazonas, som nomaderna p\u00e5 Afrikas horn och bondebefolkningen under 1800-talet vid Siljan i Dalarna.<\/p>\n<p>Men det g\u00e4ller lika klart idag <em>Volvoiterna<\/em> p\u00e5 Volvo och <em>Ikeanerna<\/em> p\u00e5 Ikea. <em>Stora Ensofolket<\/em> p\u00e5 pappersbruken och <em>f\u00f6rskoleflocken<\/em> p\u00e5 f\u00f6rskolan Bl\u00e5sippan. Utan ber\u00e4ttelser finns de inte.<\/p>\n<p>Genom att samla, bygga och anv\u00e4nda sanna h\u00e4ndelsebaserade ber\u00e4ttelser kan organisationer och f\u00f6retag ha l\u00e4ttare att rekrytera, dela erfarenheter, s\u00e4lja och anv\u00e4nda ber\u00e4ttelsen som kulturkapital f\u00f6r att bygga en stark f\u00f6retagskultur. Ber\u00e4ttelser kan g\u00f6ra framtiden synlig och m\u00f6jlig och hj\u00e4lpa oss att b\u00e4ra en gemensam m\u00e5lbild i <em><strong>triben<\/strong><\/em>.<\/p>\n<p>F\u00f6r mig \u00e4r detta sanningar som varje seri\u00f6s verksamhet b\u00f6r f\u00f6rh\u00e5lla sig till. B\u00e4sta storyn vinner, p\u00e5st\u00e5r jag helt frankt.<\/p>\n","protected":false},"excerpt":{"rendered":"<p>M\u00e4nniskan har alltid ber\u00e4ttat f\u00f6r att f\u00f6rst\u00e5 var hon kommer ifr\u00e5n, var hon befinner sig och vart hon \u00e4r p\u00e5 v\u00e4g. Det g\u00e4ller s\u00e5v\u00e4l indianerna i Amazonas, som nomaderna p\u00e5 Afrikas horn och bondebefolkningen under 1800-talet vid Siljan i Dalarna. Men det g\u00e4ller lika klart idag Volvoiterna p\u00e5 Volvo och Ikeanerna p\u00e5 Ikea. Stora Ensofolket&#8230;<\/p>\n","protected":false},"author":2,"featured_media":0,"comment_status":"open","ping_status":"open","sticky":false,"template":"","format":"standard","meta":[],"categories":[2],"tags":[],"_links":{"self":[{"href":"https:\/\/storytellers.se\/index.php?rest_route=\/wp\/v2\/posts\/4465"}],"collection":[{"href":"https:\/\/storytellers.se\/index.php?rest_route=\/wp\/v2\/posts"}],"about":[{"href":"https:\/\/storytellers.se\/index.php?rest_route=\/wp\/v2\/types\/post"}],"author":[{"embeddable":true,"href":"https:\/\/storytellers.se\/index.php?rest_route=\/wp\/v2\/users\/2"}],"replies":[{"embeddable":true,"href":"https:\/\/storytellers.se\/index.php?rest_route=%2Fwp%2Fv2%2Fcomments&post=4465"}],"version-history":[{"count":0,"href":"https:\/\/storytellers.se\/index.php?rest_route=\/wp\/v2\/posts\/4465\/revisions"}],"wp:attachment":[{"href":"https:\/\/storytellers.se\/index.php?rest_route=%2Fwp%2Fv2%2Fmedia&parent=4465"}],"wp:term":[{"taxonomy":"category","embeddable":true,"href":"https:\/\/storytellers.se\/index.php?rest_route=%2Fwp%2Fv2%2Fcategories&post=4465"},{"taxonomy":"post_tag","embeddable":true,"href":"https:\/\/storytellers.se\/index.php?rest_route=%2Fwp%2Fv2%2Ftags&post=4465"}],"curies":[{"name":"wp","href":"https:\/\/api.w.org\/{rel}","templated":true}]}}