{"id":4463,"date":"2015-09-17T09:01:15","date_gmt":"2015-09-17T07:01:15","guid":{"rendered":"http:\/\/storytellers.se\/?p=4463"},"modified":"2015-09-17T09:01:15","modified_gmt":"2015-09-17T07:01:15","slug":"min-gast-pa-mandag-kl-17-30","status":"publish","type":"post","link":"https:\/\/storytellers.se\/?p=4463","title":{"rendered":"Min g\u00e4st p\u00e5 m\u00e5ndag kl 17.30?"},"content":{"rendered":"<p>I samarbete med <a href=\"http:\/\/www.transfer.nu\/\">Transfer<\/a> h\u00e5ller jag p\u00e5 m\u00e5ndag 21 september kl 17.30 en f\u00f6rel\u00e4sning p\u00e5 Globala Gymnasiet, Hornsgatan 93 p\u00e5 S\u00f6dermalm i Stockholm. Det p\u00e5g\u00e5r i 1,5 tim och det finns m\u00f6jlighet att k\u00f6pa min bok till f\u00f6rlagspris.<\/p>\n<p>Vill du bli min g\u00e4st s\u00e5 bjuder jag dig. Meddela mig i s\u00e5 fall via matts@storytellers.se s\u00e5 meddelar jag Transfer. Hittills \u00e4r ett 70 tal anm\u00e4lda men det finns plats f\u00f6r fler.<\/p>\n<p>L\u00e4s <a href=\"https:\/\/simplesignup.se\/event\/61907\">h\u00e4r<\/a> inbjudan.<\/p>\n","protected":false},"excerpt":{"rendered":"<p>I samarbete med Transfer h\u00e5ller jag p\u00e5 m\u00e5ndag 21 september kl 17.30 en f\u00f6rel\u00e4sning p\u00e5 Globala Gymnasiet, Hornsgatan 93 p\u00e5 S\u00f6dermalm i Stockholm. Det p\u00e5g\u00e5r i 1,5 tim och det finns m\u00f6jlighet att k\u00f6pa min bok till f\u00f6rlagspris. Vill du bli min g\u00e4st s\u00e5 bjuder jag dig. Meddela mig i s\u00e5 fall via matts@storytellers.se s\u00e5&#8230;<\/p>\n","protected":false},"author":2,"featured_media":0,"comment_status":"open","ping_status":"open","sticky":false,"template":"","format":"standard","meta":[],"categories":[9],"tags":[],"_links":{"self":[{"href":"https:\/\/storytellers.se\/index.php?rest_route=\/wp\/v2\/posts\/4463"}],"collection":[{"href":"https:\/\/storytellers.se\/index.php?rest_route=\/wp\/v2\/posts"}],"about":[{"href":"https:\/\/storytellers.se\/index.php?rest_route=\/wp\/v2\/types\/post"}],"author":[{"embeddable":true,"href":"https:\/\/storytellers.se\/index.php?rest_route=\/wp\/v2\/users\/2"}],"replies":[{"embeddable":true,"href":"https:\/\/storytellers.se\/index.php?rest_route=%2Fwp%2Fv2%2Fcomments&post=4463"}],"version-history":[{"count":0,"href":"https:\/\/storytellers.se\/index.php?rest_route=\/wp\/v2\/posts\/4463\/revisions"}],"wp:attachment":[{"href":"https:\/\/storytellers.se\/index.php?rest_route=%2Fwp%2Fv2%2Fmedia&parent=4463"}],"wp:term":[{"taxonomy":"category","embeddable":true,"href":"https:\/\/storytellers.se\/index.php?rest_route=%2Fwp%2Fv2%2Fcategories&post=4463"},{"taxonomy":"post_tag","embeddable":true,"href":"https:\/\/storytellers.se\/index.php?rest_route=%2Fwp%2Fv2%2Ftags&post=4463"}],"curies":[{"name":"wp","href":"https:\/\/api.w.org\/{rel}","templated":true}]}}