{"id":4461,"date":"2015-09-15T09:19:00","date_gmt":"2015-09-15T07:19:00","guid":{"rendered":"http:\/\/storytellers.se\/?p=4461"},"modified":"2015-09-15T09:19:00","modified_gmt":"2015-09-15T07:19:00","slug":"befolka-statistiken","status":"publish","type":"post","link":"https:\/\/storytellers.se\/?p=4461","title":{"rendered":"Befolka statistiken"},"content":{"rendered":"<p><strong>Hans Rosling<\/strong>, professorn i internationell h\u00e4lsa, g\u00f6r p\u00e5 sitt s\u00e4tt statistiken begriplig med klossar och \u00e4pplen. F\u00f6rel\u00e4sningarna f\u00f6rs\u00f6ker med statistiken som grund f\u00e5 oss att se <em>hur det egentligen \u00e4r<\/em>.<\/p>\n<p>F\u00f6r mig som <em>Corporate Storyteller \/ Storylistener<\/em> blir det f\u00f6rst\u00e5s det envisa tjatandet att man ska leverera en sann ber\u00e4ttelse om en m\u00e4nniska eller ett m\u00e4nskligt m\u00f6te f\u00f6r att begripligg\u00f6ra siffrorna.Ingen statistik ska, tycker jag, presenteras utan att man befolkar siffrorna med ber\u00e4ttelser befolkade av m\u00e4nniskor.<\/p>\n<p><strong>Kjell Rennesund<\/strong> som arbetat mycket med gr\u00e4nsstatisik i EU-sammanhang ber\u00e4ttar h\u00e4r p\u00e5 ett personligt s\u00e4tt hur han sj\u00e4lv via ett m\u00e4nskligt m\u00f6te kom fram till denna insikt som fick till f\u00f6ljd att han och hans medarbetare alltid l\u00e4gger med stories.<\/p>\n<p>Att f\u00e5 fram s\u00e5dana h\u00e4r ber\u00e4ttelser g\u00e5r med ett uppl\u00e4gg med inspirationsf\u00f6rel\u00e4sning, workshop och sk\u00f6rdefest. Ber\u00e4ttelserna finns men m\u00e5ste letas upp. Det \u00e4r det <strong><em>Heijbelmodellen<\/em><\/strong> g\u00f6r.<br \/>\n[wpvideo JsckBdd7]<\/p>\n","protected":false},"excerpt":{"rendered":"<p>Hans Rosling, professorn i internationell h\u00e4lsa, g\u00f6r p\u00e5 sitt s\u00e4tt statistiken begriplig med klossar och \u00e4pplen. F\u00f6rel\u00e4sningarna f\u00f6rs\u00f6ker med statistiken som grund f\u00e5 oss att se hur det egentligen \u00e4r. F\u00f6r mig som Corporate Storyteller \/ Storylistener blir det f\u00f6rst\u00e5s det envisa tjatandet att man ska leverera en sann ber\u00e4ttelse om en m\u00e4nniska eller ett&#8230;<\/p>\n","protected":false},"author":2,"featured_media":0,"comment_status":"open","ping_status":"open","sticky":false,"template":"","format":"standard","meta":[],"categories":[3],"tags":[],"_links":{"self":[{"href":"https:\/\/storytellers.se\/index.php?rest_route=\/wp\/v2\/posts\/4461"}],"collection":[{"href":"https:\/\/storytellers.se\/index.php?rest_route=\/wp\/v2\/posts"}],"about":[{"href":"https:\/\/storytellers.se\/index.php?rest_route=\/wp\/v2\/types\/post"}],"author":[{"embeddable":true,"href":"https:\/\/storytellers.se\/index.php?rest_route=\/wp\/v2\/users\/2"}],"replies":[{"embeddable":true,"href":"https:\/\/storytellers.se\/index.php?rest_route=%2Fwp%2Fv2%2Fcomments&post=4461"}],"version-history":[{"count":0,"href":"https:\/\/storytellers.se\/index.php?rest_route=\/wp\/v2\/posts\/4461\/revisions"}],"wp:attachment":[{"href":"https:\/\/storytellers.se\/index.php?rest_route=%2Fwp%2Fv2%2Fmedia&parent=4461"}],"wp:term":[{"taxonomy":"category","embeddable":true,"href":"https:\/\/storytellers.se\/index.php?rest_route=%2Fwp%2Fv2%2Fcategories&post=4461"},{"taxonomy":"post_tag","embeddable":true,"href":"https:\/\/storytellers.se\/index.php?rest_route=%2Fwp%2Fv2%2Ftags&post=4461"}],"curies":[{"name":"wp","href":"https:\/\/api.w.org\/{rel}","templated":true}]}}