{"id":4457,"date":"2015-09-09T08:03:44","date_gmt":"2015-09-09T06:03:44","guid":{"rendered":"http:\/\/storytellers.se\/?p=4457"},"modified":"2015-09-09T08:03:44","modified_gmt":"2015-09-09T06:03:44","slug":"varumarket-kan-ses-som-summan-av-berattelserna","status":"publish","type":"post","link":"https:\/\/storytellers.se\/?p=4457","title":{"rendered":"Varum\u00e4rket kan ses som summan av ber\u00e4ttelserna"},"content":{"rendered":"<p>Varum\u00e4rket \u00e4r, om man s\u00e5 vill, en p\u00e5g\u00e5ende st\u00f6rre ber\u00e4ttelse byggd av en upps\u00e4ttning stories om h\u00e4ndelser som delas mellan organisationen \/ produkten \/ tj\u00e4nsten och dem som anv\u00e4nder den. Jag brukar anv\u00e4nda uttrycket: <strong>Storytelling befolkar varum\u00e4rket<\/strong>, vilket ocks\u00e5 \u00e4r titeln p\u00e5 min bo i det h\u00e4r \u00e4mnet.<\/p>\n<p>Ber\u00e4ttelserna ska bjuda p\u00e5 strategiskt anv\u00e4nda v\u00e4rdeb\u00e4rande emotionella h\u00e4ndelser som visar meningen med att en verksamhet \u00f6verhuvudtaget finns. Ber\u00e4ttelser som passar medarbetaren, kunden, klienten, brukaren, patienten etc \u00f6verlever och sprids. De trivs i sociala media och kan f\u00e5 en spridning p\u00e5 ett helt annat s\u00e4tt \u00e4n traditionella m\u00e5lgruppsinriktade budskap som f\u00f6rr s\u00e4ndes ut fr\u00e5n f\u00f6retag och organisationer.<\/p>\n<p>Men detta kr\u00e4ver allts\u00e5 att de \u00e4r befolkade och att de i sin dramaturgi rymmer h\u00e4ndelser som g\u00e5r att f\u00f6rst\u00e5 och ta till sig emotionellt, annars f\u00f6rsvinner de i bruset.<\/p>\n<p>Det beh\u00f6vs sanna ber\u00e4ttelser om ett kulturkapital som visar ett trov\u00e4rdigt organisations-DNA.<\/p>\n<p>Boken <strong>Storytelling befolkar varum\u00e4rket<\/strong><strong> ( <em>Blue Media <\/em>) kan du nu via storytellers.se k\u00f6pa f\u00f6r 200 kr inkl moms plus porto. G\u00e5r att best\u00e4lla om du skriver med namn och fakuradress till matts@storytellers.se<\/p>\n","protected":false},"excerpt":{"rendered":"<p>Varum\u00e4rket \u00e4r, om man s\u00e5 vill, en p\u00e5g\u00e5ende st\u00f6rre ber\u00e4ttelse byggd av en upps\u00e4ttning stories om h\u00e4ndelser som delas mellan organisationen \/ produkten \/ tj\u00e4nsten och dem som anv\u00e4nder den. Jag brukar anv\u00e4nda uttrycket: Storytelling befolkar varum\u00e4rket, vilket ocks\u00e5 \u00e4r titeln p\u00e5 min bo i det h\u00e4r \u00e4mnet. Ber\u00e4ttelserna ska bjuda p\u00e5 strategiskt anv\u00e4nda v\u00e4rdeb\u00e4rande&#8230;<\/p>\n","protected":false},"author":2,"featured_media":0,"comment_status":"open","ping_status":"open","sticky":false,"template":"","format":"standard","meta":[],"categories":[2],"tags":[],"_links":{"self":[{"href":"https:\/\/storytellers.se\/index.php?rest_route=\/wp\/v2\/posts\/4457"}],"collection":[{"href":"https:\/\/storytellers.se\/index.php?rest_route=\/wp\/v2\/posts"}],"about":[{"href":"https:\/\/storytellers.se\/index.php?rest_route=\/wp\/v2\/types\/post"}],"author":[{"embeddable":true,"href":"https:\/\/storytellers.se\/index.php?rest_route=\/wp\/v2\/users\/2"}],"replies":[{"embeddable":true,"href":"https:\/\/storytellers.se\/index.php?rest_route=%2Fwp%2Fv2%2Fcomments&post=4457"}],"version-history":[{"count":0,"href":"https:\/\/storytellers.se\/index.php?rest_route=\/wp\/v2\/posts\/4457\/revisions"}],"wp:attachment":[{"href":"https:\/\/storytellers.se\/index.php?rest_route=%2Fwp%2Fv2%2Fmedia&parent=4457"}],"wp:term":[{"taxonomy":"category","embeddable":true,"href":"https:\/\/storytellers.se\/index.php?rest_route=%2Fwp%2Fv2%2Fcategories&post=4457"},{"taxonomy":"post_tag","embeddable":true,"href":"https:\/\/storytellers.se\/index.php?rest_route=%2Fwp%2Fv2%2Ftags&post=4457"}],"curies":[{"name":"wp","href":"https:\/\/api.w.org\/{rel}","templated":true}]}}