{"id":4455,"date":"2015-09-08T08:38:44","date_gmt":"2015-09-08T06:38:44","guid":{"rendered":"http:\/\/storytellers.se\/?p=4455"},"modified":"2015-09-08T08:38:44","modified_gmt":"2015-09-08T06:38:44","slug":"bygg-en-berattande-organisation","status":"publish","type":"post","link":"https:\/\/storytellers.se\/?p=4455","title":{"rendered":"Bygg en ber\u00e4ttande organisation !"},"content":{"rendered":"<p>M\u00e4nniskan har i alla tider visat sina v\u00e4rderingar och byggt sina organisationer och sina kulturer utifr\u00e5n ber\u00e4ttelser. Ber\u00e4ttelserna \u00e4r kulturb\u00e4rare och kulturbyggare som visar <em>vad vi st\u00e5r f\u00f6r, var vi kommer ifr\u00e5n, var vi befinner oss och vart vi \u00e4r p\u00e5 v\u00e4g<\/em>. De finns i tillh\u00f6righeten till en sl\u00e4kt, en bygd eller f\u00f6r den delen en religion. Sj\u00e4lvfallet \u00e4r m\u00e4nniskan ocks\u00e5 kulturbyggare n\u00e4r det g\u00e4ller f\u00f6retag och organisationer. Att ha en gemensam ber\u00e4ttelse inneb\u00e4r att ha tillh\u00f6righet och att kunna utf\u00f6ra n\u00e5got tillsammans. Att dela.<\/p>\n<p>Vi f\u00e5r visioner. De f\u00f6retag och organisationer som jag tr\u00e4ffar har f\u00f6rst\u00e5tt att det finns ett samband mellan ber\u00e4ttelser, ber\u00e4ttande och utvecklingen av organisationen och av s\u00e4tten att arbeta.<br \/>\n<em>Hur vi \u00e4r? Vad vi st\u00e5r vi f\u00f6r? <\/em> Vad finns det f\u00f6r h\u00e4ndelser som vi kan ber\u00e4tta om som g\u00f6r detta begripligt?<\/p>\n<p>Ber\u00e4ttelserna \u00e4r ofta emotionella och de kompletterar d\u00e4rmed den faktuella information som ligger i nyckeltal, teser, staplar och diagram. Ber\u00e4ttelserna kan g\u00f6ra juridiken begriplig och politiken legitim. Blanda d\u00e4rf\u00f6r h\u00e5rt och mjukt.<\/p>\n<p>Sen kan stortellingverktyget slipas och anpassas inf\u00f6r olika situationer. Ibland handlar det om ledarskap, ibland om att befolka varum\u00e4rken. Ibland s\u00e4lj. Ibland handlar det om att sprida Word of Mouth och bli synlig i sociala media. ibland om att locka till sig, att rekrytera, m\u00e4nniskor som kan bidra till en positiv kulturutveckling f\u00f6r gruppen.<\/p>\n<p>Tror man p\u00e5 denna kulturkraft och f\u00f6rst\u00e5r det interaktiva i att ge och f\u00e5, att dela ber\u00e4ttarkapital, d\u00e5 \u00e4r man redo f\u00f6r corporate storytelling eller storytelling i och om organisationer. Ber\u00e4ttelser kan f\u00f6rst\u00e5s ocks\u00e5 ladda varor och tj\u00e4nster med merv\u00e4rden som f\u00f6rb\u00e4ttrar l\u00f6snamhet, ger tillfredst\u00e4llelse och framg\u00e5ng.<\/p>\n<p>Hur vill ni hantera detta fantastiska verktyg. Jag har n\u00e5gra till\u00e4mpningar som kan s\u00e4tta ig\u00e5ng de f\u00f6rsta stegen till att bli en ber\u00e4ttande organisation direkt. Vill ni tala om det s\u00e5 kan ni kontakta mig p\u00e5 matts@storytellers.se<\/p>\n","protected":false},"excerpt":{"rendered":"<p>M\u00e4nniskan har i alla tider visat sina v\u00e4rderingar och byggt sina organisationer och sina kulturer utifr\u00e5n ber\u00e4ttelser. Ber\u00e4ttelserna \u00e4r kulturb\u00e4rare och kulturbyggare som visar vad vi st\u00e5r f\u00f6r, var vi kommer ifr\u00e5n, var vi befinner oss och vart vi \u00e4r p\u00e5 v\u00e4g. De finns i tillh\u00f6righeten till en sl\u00e4kt, en bygd eller f\u00f6r den delen&#8230;<\/p>\n","protected":false},"author":2,"featured_media":0,"comment_status":"open","ping_status":"open","sticky":false,"template":"","format":"standard","meta":[],"categories":[2],"tags":[],"_links":{"self":[{"href":"https:\/\/storytellers.se\/index.php?rest_route=\/wp\/v2\/posts\/4455"}],"collection":[{"href":"https:\/\/storytellers.se\/index.php?rest_route=\/wp\/v2\/posts"}],"about":[{"href":"https:\/\/storytellers.se\/index.php?rest_route=\/wp\/v2\/types\/post"}],"author":[{"embeddable":true,"href":"https:\/\/storytellers.se\/index.php?rest_route=\/wp\/v2\/users\/2"}],"replies":[{"embeddable":true,"href":"https:\/\/storytellers.se\/index.php?rest_route=%2Fwp%2Fv2%2Fcomments&post=4455"}],"version-history":[{"count":0,"href":"https:\/\/storytellers.se\/index.php?rest_route=\/wp\/v2\/posts\/4455\/revisions"}],"wp:attachment":[{"href":"https:\/\/storytellers.se\/index.php?rest_route=%2Fwp%2Fv2%2Fmedia&parent=4455"}],"wp:term":[{"taxonomy":"category","embeddable":true,"href":"https:\/\/storytellers.se\/index.php?rest_route=%2Fwp%2Fv2%2Fcategories&post=4455"},{"taxonomy":"post_tag","embeddable":true,"href":"https:\/\/storytellers.se\/index.php?rest_route=%2Fwp%2Fv2%2Ftags&post=4455"}],"curies":[{"name":"wp","href":"https:\/\/api.w.org\/{rel}","templated":true}]}}