{"id":4453,"date":"2015-09-06T09:20:21","date_gmt":"2015-09-06T07:20:21","guid":{"rendered":"http:\/\/storytellers.se\/?p=4453"},"modified":"2015-09-06T09:20:21","modified_gmt":"2015-09-06T07:20:21","slug":"att-beratta-sig-in-i-framtiden-2","status":"publish","type":"post","link":"https:\/\/storytellers.se\/?p=4453","title":{"rendered":"Att ber\u00e4tta sig in i framtiden"},"content":{"rendered":"<p>Det mest sp\u00e4nnande med Storytelling \u00e4r kanske att man kan anv\u00e4nda ber\u00e4ttelser f\u00f6r att bygga en k\u00e4nsla inf\u00f6r framtiden. Om man lyckas med det det kan ber\u00e4ttelserna hj\u00e4lpa till att dra organisationen i en viss riktning.<\/p>\n<p>Det \u00e4r f\u00f6rst\u00e5s sv\u00e5rt att h\u00e4vda att man talar sanning n\u00e4r man talar om n\u00e5got som \u00e4nnu inte har skett. Det \u00e4r d\u00e4rf\u00f6r dessa framtidstankar och framtvingande scenarier ofta f\u00f6rlorar sig i \u201dhj\u00e4rnkontoret\u201d och i \u201dstatistiska eller flosku\u00f6sa\u201d formuleringar som till exempel:<\/p>\n<p>V\u00e5r marknadsandel ska \u00e5r 2017 har \u00f6kat fr\u00e5n dagens 23 procent till minst 30 procent. K\u00e4nnedomen om v\u00e5rt varum\u00e4rke bland allm\u00e4nheten har om fem \u00e5r har g\u00e5tt fr\u00e5n dagens 35 procent till minst 45 procent.<\/p>\n<p>Jass\u00e5?<\/p>\n<p>Det \u00e4r ett exempel p\u00e5 ett statistiskt \u00f6nskescenario. En besiffrad \u00f6nskan d\u00e4r en del av medarbetarna inte ens kan greppa den matematiska inneb\u00f6rden. Hur brukar det d\u00e5 kunna se ut om man, utan storyinsikt, f\u00f6rs\u00f6ker anv\u00e4nda orden f\u00f6r att tala om framtiden.<\/p>\n<p>Kanske s\u00e5 h\u00e4r:<\/p>\n<p>Vi ska de n\u00e4rmaste \u00e5ren mer empatiskt f\u00f6lja v\u00e5r kunders aff\u00e4rer och bidra till deras framg\u00e5ng. Endast om vi \u00f6vertr\u00e4ffar kundernas f\u00f6rv\u00e4ntningar och \u00f6veraskar dem f\u00e5r vi deras f\u00f6rtroenden. Vi kan de leva upp till v\u00e5ra v\u00e4rdeord: <strong>Ink\u00e4nna \u2022 \u00f6verraska \u2022 berika<\/strong><\/p>\n<p>Vad \u00e4r detta? Vad d\u00e5 f\u00f6lja v\u00e5ra kunders aff\u00e4rer? Hur d\u00e5 \u00f6verraska? Hur ska detta storyfieras?<\/p>\n<p>Kanske ser vi redan i dag h\u00e4ndelser d\u00e4r n\u00e5gon av v\u00e5ra medarbetare har \u00f6verraskat kunden och gjort det uppenbart att detta som h\u00e4nde var positivt f\u00f6r kundens organistaion. Ber\u00e4tta det d\u00e5. Fr\u00e5ga kunden om n\u00e4r detta h\u00e4nder. I s\u00e5 fall n\u00e4r? Hur? Tala om en uppenbar h\u00e4ndelse som visar det vill vara.<\/p>\n<p>Genom att ber\u00e4tta om verkliga befolkade m\u00f6ten och h\u00e4ndelser som vi vill se mer av kan vi ge en bild av den framtid vi hoppas ber\u00e4tta oss in i. Vi kan ocks\u00e5 regissera oss och skapa h\u00e4ndelser som vi sen kan ber\u00e4tta om och som kan fungera som spr\u00e5ngbr\u00e4dor in i framtiden.<\/p>\n<p>D\u00e5 har Corporate Storytelling l\u00e4mnat historieskrivning och ist\u00e4llet blivit visionsber\u00e4ttande.<\/p>\n<p>Man beh\u00f6ver allt\u00e5 inte sitta och v\u00e4nta. Det g\u00e5r alldeles utm\u00e4rkt att lekfullt b\u00f6rja i verkligheten som redan finns och f\u00f6rs\u00f6ka f\u00e5 den att f\u00f6r\u00f6ka sig med hj\u00e4lp av sanna ber\u00e4ttelser om m\u00e4nniskor. <em>Organisation \u00e4r n\u00e4mligen m\u00e4nniskor!<\/em><\/p>\n","protected":false},"excerpt":{"rendered":"<p>Det mest sp\u00e4nnande med Storytelling \u00e4r kanske att man kan anv\u00e4nda ber\u00e4ttelser f\u00f6r att bygga en k\u00e4nsla inf\u00f6r framtiden. Om man lyckas med det det kan ber\u00e4ttelserna hj\u00e4lpa till att dra organisationen i en viss riktning. Det \u00e4r f\u00f6rst\u00e5s sv\u00e5rt att h\u00e4vda att man talar sanning n\u00e4r man talar om n\u00e5got som \u00e4nnu inte har&#8230;<\/p>\n","protected":false},"author":2,"featured_media":0,"comment_status":"open","ping_status":"open","sticky":false,"template":"","format":"standard","meta":[],"categories":[2],"tags":[],"_links":{"self":[{"href":"https:\/\/storytellers.se\/index.php?rest_route=\/wp\/v2\/posts\/4453"}],"collection":[{"href":"https:\/\/storytellers.se\/index.php?rest_route=\/wp\/v2\/posts"}],"about":[{"href":"https:\/\/storytellers.se\/index.php?rest_route=\/wp\/v2\/types\/post"}],"author":[{"embeddable":true,"href":"https:\/\/storytellers.se\/index.php?rest_route=\/wp\/v2\/users\/2"}],"replies":[{"embeddable":true,"href":"https:\/\/storytellers.se\/index.php?rest_route=%2Fwp%2Fv2%2Fcomments&post=4453"}],"version-history":[{"count":0,"href":"https:\/\/storytellers.se\/index.php?rest_route=\/wp\/v2\/posts\/4453\/revisions"}],"wp:attachment":[{"href":"https:\/\/storytellers.se\/index.php?rest_route=%2Fwp%2Fv2%2Fmedia&parent=4453"}],"wp:term":[{"taxonomy":"category","embeddable":true,"href":"https:\/\/storytellers.se\/index.php?rest_route=%2Fwp%2Fv2%2Fcategories&post=4453"},{"taxonomy":"post_tag","embeddable":true,"href":"https:\/\/storytellers.se\/index.php?rest_route=%2Fwp%2Fv2%2Ftags&post=4453"}],"curies":[{"name":"wp","href":"https:\/\/api.w.org\/{rel}","templated":true}]}}