{"id":4451,"date":"2015-09-05T08:43:29","date_gmt":"2015-09-05T06:43:29","guid":{"rendered":"http:\/\/storytellers.se\/?p=4451"},"modified":"2015-09-05T08:43:29","modified_gmt":"2015-09-05T06:43:29","slug":"kvinnorna-lockas","status":"publish","type":"post","link":"https:\/\/storytellers.se\/?p=4451","title":{"rendered":"Kvinnorna lockas"},"content":{"rendered":"<p><strong>Fr\u00e5ga:<\/strong><br \/>\nFinns det n\u00e5got m\u00f6nster som visar vilka som attraheras av perspektiven i Storytelling i organisationer?<\/p>\n<p><strong>Svar:<\/strong><br \/>\nJag har ingen riktig m\u00e4tning eller unders\u00f6kning p\u00e5 detta. Men jag har f\u00f6rst\u00e5s f\u00f6rel\u00e4st i m\u00e5nga \u00e5r. N\u00e4r det kommer till utbildningar och \u00f6ppna seminarier och f\u00f6rel\u00e4sningar s\u00e5 har jag m\u00e4rkt att det \u00e4r en \u00f6vervikt av kvinnor som kommer.<\/p>\n<p>Det kommer f\u00f6rst\u00e5s ocks\u00e5 m\u00e4n men d\u00e5 \u00e4r de snarare under \u00e4n \u00f6ver 40-45. Jag kan tro att kvinnor som blir chefer inte r\u00e4tt av vill k\u00f6pa den gamla vanliga patriarkala managementstilen med siffror pilar och boxar och power point-presentationer f\u00f6r att leda, ber\u00e4tta och f\u00f6rklara.<\/p>\n<p>Jag tror att kvinnorna och \u00e4ven de yngre m\u00e4nnen ofta vill ha ett ledarskap som ocks\u00e5 laddar in emotionella dimensioner. Detta f\u00f6r att se m\u00e4nniskan i organisationen och f\u00f6ra verksamheten fram\u00e5t och g\u00f6ra t\u00e4nkbara m\u00e5l, befolkade, synliga och begripliga.<\/p>\n<p>Men det \u00e4r faktiskt inte mycket motst\u00e5nd och moteld jag m\u00f6ter, varesig fr\u00e5n m\u00e4n eller kvinnor. N\u00e5gon g\u00e5ng kommer en gammal hanne och s\u00e4ger att: <em>Vi kan v\u00e4l inte h\u00e5lla p\u00e5 och ber\u00e4tta historier vi har faktiskt en k\u00e4rnverksamhet att sk\u00f6ta<\/em>.<\/p>\n<p>D\u00e5 suckar gruppen och tycker att han inte f\u00f6rst\u00e5tt merv\u00e4rdet i att anv\u00e4nda ocks\u00e5 den emotionella kommunikationen i ledarskapet. Har han inte f\u00f6rst\u00e5tt id\u00e9n med Storytelling i varum\u00e4rkesarbetet?<\/p>\n<p>I den amerikanska diskussionen talar man till och med om kvinnan och hennes hj\u00e4rna och l\u00e4ggning. Men det d\u00e4r v\u00e5gar jag mig inte in p\u00e5.<\/p>\n","protected":false},"excerpt":{"rendered":"<p>Fr\u00e5ga: Finns det n\u00e5got m\u00f6nster som visar vilka som attraheras av perspektiven i Storytelling i organisationer? Svar: Jag har ingen riktig m\u00e4tning eller unders\u00f6kning p\u00e5 detta. Men jag har f\u00f6rst\u00e5s f\u00f6rel\u00e4st i m\u00e5nga \u00e5r. N\u00e4r det kommer till utbildningar och \u00f6ppna seminarier och f\u00f6rel\u00e4sningar s\u00e5 har jag m\u00e4rkt att det \u00e4r en \u00f6vervikt av kvinnor&#8230;<\/p>\n","protected":false},"author":2,"featured_media":0,"comment_status":"open","ping_status":"open","sticky":false,"template":"","format":"standard","meta":[],"categories":[6],"tags":[],"_links":{"self":[{"href":"https:\/\/storytellers.se\/index.php?rest_route=\/wp\/v2\/posts\/4451"}],"collection":[{"href":"https:\/\/storytellers.se\/index.php?rest_route=\/wp\/v2\/posts"}],"about":[{"href":"https:\/\/storytellers.se\/index.php?rest_route=\/wp\/v2\/types\/post"}],"author":[{"embeddable":true,"href":"https:\/\/storytellers.se\/index.php?rest_route=\/wp\/v2\/users\/2"}],"replies":[{"embeddable":true,"href":"https:\/\/storytellers.se\/index.php?rest_route=%2Fwp%2Fv2%2Fcomments&post=4451"}],"version-history":[{"count":0,"href":"https:\/\/storytellers.se\/index.php?rest_route=\/wp\/v2\/posts\/4451\/revisions"}],"wp:attachment":[{"href":"https:\/\/storytellers.se\/index.php?rest_route=%2Fwp%2Fv2%2Fmedia&parent=4451"}],"wp:term":[{"taxonomy":"category","embeddable":true,"href":"https:\/\/storytellers.se\/index.php?rest_route=%2Fwp%2Fv2%2Fcategories&post=4451"},{"taxonomy":"post_tag","embeddable":true,"href":"https:\/\/storytellers.se\/index.php?rest_route=%2Fwp%2Fv2%2Ftags&post=4451"}],"curies":[{"name":"wp","href":"https:\/\/api.w.org\/{rel}","templated":true}]}}