{"id":4427,"date":"2015-08-19T08:35:25","date_gmt":"2015-08-19T06:35:25","guid":{"rendered":"http:\/\/storytellers.se\/?p=4427"},"modified":"2015-08-19T08:35:25","modified_gmt":"2015-08-19T06:35:25","slug":"berattelser-om-ledaren","status":"publish","type":"post","link":"https:\/\/storytellers.se\/?p=4427","title":{"rendered":"Ber\u00e4ttelser om ledaren"},"content":{"rendered":"<p>Jag gl\u00f6mmer inte den svenske VD:n f\u00f6r ett stort internationellt f\u00f6retag som jag arbetade med. Jag f\u00f6rde ett samtal med honom inf\u00f6r \u00e5rsber\u00e4ttelsen och jag sa till honom:<\/p>\n<p>\u2013 Vilken ber\u00e4ttelse skulle du vilja h\u00f6ra om dig sj\u00e4lv? Har du en sann ber\u00e4ttelse som s\u00e4ger n\u00e5got viktigt om dig och din roll i f\u00f6retaget och d\u00e4rmed om organisationen?<\/p>\n<p>Han tittade f\u00f6rundrat p\u00e5 mig och menade att detta v\u00e4l var ett helt vanligt samtal aprop\u00e5 \u00e5rsber\u00e4ttelsen.<\/p>\n<p>Ja, s\u00e5 \u00e4r det f\u00f6rst\u00e5s men med hj\u00e4lp av h\u00e4ndelsebaserat ber\u00e4ttande kan man befolka varum\u00e4rket. P\u00e5 samma s\u00e4tt \u00e4r det i v\u00e5ra familjer och sl\u00e4kter. Vi v\u00e4ljer ber\u00e4ttelser som st\u00e4rker oss och som g\u00f6r en framtid m\u00f6jlig och trolig. Vi beh\u00f6ver inte ber\u00e4tta allt utan vi b\u00f6r reflektera \u00f6ver vilka ber\u00e4ttelser som kan g\u00f6ra framtiden synlig.<\/p>\n<p>Katolska kyrkan genomg\u00e5r nu en fantastiskt storytellingprojekt baserat p\u00e5 den regisserade p\u00e5ven Franciskus och allt han s\u00e4ger och g\u00f6r. Ber\u00e4ttelserna om p\u00e5ven p\u00e5verkar hela ber\u00e4ttelsen om den katolska kyrkan.<\/p>\n","protected":false},"excerpt":{"rendered":"<p>Jag gl\u00f6mmer inte den svenske VD:n f\u00f6r ett stort internationellt f\u00f6retag som jag arbetade med. Jag f\u00f6rde ett samtal med honom inf\u00f6r \u00e5rsber\u00e4ttelsen och jag sa till honom: \u2013 Vilken ber\u00e4ttelse skulle du vilja h\u00f6ra om dig sj\u00e4lv? Har du en sann ber\u00e4ttelse som s\u00e4ger n\u00e5got viktigt om dig och din roll i f\u00f6retaget och&#8230;<\/p>\n","protected":false},"author":2,"featured_media":0,"comment_status":"open","ping_status":"open","sticky":false,"template":"","format":"standard","meta":[],"categories":[2],"tags":[],"_links":{"self":[{"href":"https:\/\/storytellers.se\/index.php?rest_route=\/wp\/v2\/posts\/4427"}],"collection":[{"href":"https:\/\/storytellers.se\/index.php?rest_route=\/wp\/v2\/posts"}],"about":[{"href":"https:\/\/storytellers.se\/index.php?rest_route=\/wp\/v2\/types\/post"}],"author":[{"embeddable":true,"href":"https:\/\/storytellers.se\/index.php?rest_route=\/wp\/v2\/users\/2"}],"replies":[{"embeddable":true,"href":"https:\/\/storytellers.se\/index.php?rest_route=%2Fwp%2Fv2%2Fcomments&post=4427"}],"version-history":[{"count":0,"href":"https:\/\/storytellers.se\/index.php?rest_route=\/wp\/v2\/posts\/4427\/revisions"}],"wp:attachment":[{"href":"https:\/\/storytellers.se\/index.php?rest_route=%2Fwp%2Fv2%2Fmedia&parent=4427"}],"wp:term":[{"taxonomy":"category","embeddable":true,"href":"https:\/\/storytellers.se\/index.php?rest_route=%2Fwp%2Fv2%2Fcategories&post=4427"},{"taxonomy":"post_tag","embeddable":true,"href":"https:\/\/storytellers.se\/index.php?rest_route=%2Fwp%2Fv2%2Ftags&post=4427"}],"curies":[{"name":"wp","href":"https:\/\/api.w.org\/{rel}","templated":true}]}}