{"id":4425,"date":"2015-08-18T08:34:44","date_gmt":"2015-08-18T06:34:44","guid":{"rendered":"http:\/\/storytellers.se\/?p=4425"},"modified":"2015-08-18T08:34:44","modified_gmt":"2015-08-18T06:34:44","slug":"nyhetsbrev-98-gusten-ropar-i-fabriken","status":"publish","type":"post","link":"https:\/\/storytellers.se\/?p=4425","title":{"rendered":"Nyhetsbrev 98: Gusten ropar i fabriken"},"content":{"rendered":"<p><em>Detta nyhetsbrev gick ig\u00e5r ut till n\u00e4ra 3000 prenumeranter. Vill du ocks\u00e5 vara med p\u00e5 s\u00e4ndlistan? Gratis f\u00f6rst\u00e5s och l\u00e4tt att l\u00e4mna med ett knapptryck om du tr\u00f6ttnar. Skriv till matts@storytellers.se och s\u00e4tt rubriken Nyhetsbrev ja tack s\u00e5 \u00e4r du med.<\/em><\/p>\n<p>Nyhetsbrev 98:<\/p>\n<p>Hej Storytellerv\u00e4n<\/p>\n<p>Det \u00e4r nu dags f\u00f6r det nittio\u00e5ttonde nyhetsbrevet fr\u00e5n Storytellers.se d\u00e4r jag bjuder in till seminarium och ocks\u00e5 ber\u00e4ttar om Gusten som ger tr\u00f6st och kraft i fabriken trots att han inte l\u00e4ngre finns bland sina arbetskamrater.<\/p>\n<p>Du f\u00e5r nyhetsbrevet f\u00f6r att du bett om det eller f\u00f6r att vi samarbetat eller bytt visitkort eller f\u00f6r att vi tillsammans har resonerat aprop\u00e5 Storytelling. Jag som skriver \u00e4r, nu som alltid, <strong>Matts Heijbel<\/strong>, f\u00f6rfattare och journalist med socialantropologisk bakgrund. Jag har missionerat och hj\u00e4lpt f\u00f6retag och organisationer under hela 2000-talet att komma ig\u00e5ng och anv\u00e4nda Storytelling i och om organisationer.<\/p>\n<p>+++++++++++++++++++++++++++++++++++++++++++++++++++++++<\/p>\n<p>Om du har lust och m\u00f6jlighet s\u00e5 f\u00e5r du g\u00e4rna komma till ett av mina \u00f6ppna kostnadsfria seminarier som rullar p\u00e5 \u00e5r efter \u00e5r. N\u00e4sta seminarium \u00e4r i Stockholm den 26 augusti. Jag ber\u00e4ttar d\u00e5 om hur man hanterar <em>Corporate Storytelling<\/em>, hur man kan t\u00e4nka och jag ger exempel p\u00e5 hur det kan l\u00e5ta n\u00e4r man sysslar med Corporate Storytelling. Jag visar storyfilmer och ger muntliga exempel och du kan ocks\u00e5 k\u00f6pa senaste upplagan av min bok till nettopris, om du vill.<\/p>\n<p>Inte en enda Power Point. Mer om hur du anm\u00e4ler dig till 26 augusti l\u00e4ser du l\u00e4ngre ned.<\/p>\n<p>+++++++++++++++++++++++++++++++++++++++++++++++++++++++<\/p>\n<p>Organisationsber\u00e4ttelser och f\u00f6retagsfolkore \u00e4r alltid viktiga inslag n\u00e4r man bygger framg\u00e5ngsrika organisationer. Utan ber\u00e4ttelser finns man inte. Man beh\u00f6ver inte f\u00f6rs\u00f6ka synligg\u00f6ra verkligheten med sagor och slogans eftersom de riktiga ber\u00e4ttelserna alltid vinner.<\/p>\n<p>Ber\u00e4ttelserna finns och man kan arbeta f\u00f6r att s\u00f6ka, bygga, finna och anv\u00e4nda dem. Varje tes om hur en organisation \u00e4r och vill vara beh\u00f6ver bekr\u00e4ftande ber\u00e4ttelser f\u00f6r att bli synlig. P\u00e5st\u00e5r man att man har driv s\u00e5 beh\u00f6vs en bekr\u00e4ftande ber\u00e4ttelse. P\u00e5st\u00e5r man att man \u00e4r till nytta f\u00f6r kunden s\u00e5 kr\u00e4ver det en sann h\u00e4ndelsebaserad ber\u00e4ttelse f\u00f6r att bli trov\u00e4rdigt.<\/p>\n<p>+++++++++++++++++++++++++++++++++++++++++++++++++++++++<\/p>\n<p>M\u00e5nga talar om att \u201d<em>det sitter i v\u00e4ggarna<\/em>\u201d. N\u00e5 d\u00e5 s\u00e5, vad \u00e4r det som sitter i v\u00e4ggarna? Finns det n\u00e5gon ber\u00e4ttelse om en h\u00e4ndelse som bekr\u00e4ftar detta p\u00e5st\u00e5ende? Talar man om att man \u00e4r van att ta i och att man kan \u00e5stadkomma det lilla extra n\u00e4r det kanske k\u00e4nns motigt s\u00e5 ska det f\u00f6rst\u00e5s finnas ber\u00e4ttelser i f\u00f6retagets kollektiva minne som backar upp detta p\u00e5st\u00e5ende. Det handlar om ett kulturkapital.<\/p>\n<p>N\u00e4r jag jobbade med <strong>Stora Enso<\/strong> under v\u00e5ren och f\u00f6rsommaren 2015 s\u00e5 s\u00f6kte vi och sk\u00f6rdade ber\u00e4ttelser. Alla anst\u00e4llda vid Stora Ensos pappersbruk i Hyltebruk var involverade i n\u00e5got som jag skulle vilja kalla en storyextas. Jag hade f\u00e5tt m\u00f6jlighet att i steg ett skola in en 40-grupp fr\u00e5n de anst\u00e4llda som backade upp mig under dagen n\u00e4r alla var samlade fr\u00e5n pappersbruket var samlade.<br \/>\nTillsammans med 40-gruppen fick jag fram m\u00e4ngder av ber\u00e4ttelser om papperstillverkarfolket som i generationer f\u00f6rsett v\u00e4rlden med de allra b\u00e4sta papperskvaliteterna och som har en stark stolthet och ett genuint j\u00e4vlar-anamma.<\/p>\n<p>+++++++++++++++++++++++++++++++++++++++++++++++++++++++<\/p>\n<p>Den h\u00e4r mycket speciella ber\u00e4ttelsen \u00e4r en av alla vi s\u00f6kte, fann och sk\u00f6rdade fr\u00e5n fabriken i Hyltebruk vid Nissan.<\/p>\n<p>P\u00e5 90-talet h\u00e4nde det som h\u00e4nder ibland, en av de stora pappersmaskinerna havererade i fabriken. Det var natt och det k\u00e4ndes tungt och besv\u00e4rligt f\u00f6r skiftlaget som med hj\u00e4lp av dessa maskiner och den sm\u00e5l\u00e4ndska skogen skapar papper i v\u00e4rldsklass. Produktionen m\u00e5ste helt enkelt g\u00e5 vidare snarast, the show must go on.<\/p>\n<p>S\u00e5 det var bara att kavla upp \u00e4rmarna och b\u00f6rja reparationsarbetet. Maskinerna kan inte st\u00e5. Det var natt och folk ville g\u00e5 hem. Men det g\u00f6r man inte man g\u00f6r f\u00e4rdigt. M\u00e5nga svor och klagade och k\u00e4nde sig missmodiga n\u00e4r de slet med maskinen f\u00f6r att f\u00e5 ordning p\u00e5 pappersbanan igen.<\/p>\n<p>D\u00e5 h\u00f6rdes en man l\u00e5ngt inne i maskinen som stilla sj\u00f6ng och visslade. Kom igen nu. Vi grejar det h\u00e4r, menade han. Det var Gusten, en k\u00e4nd profil p\u00e5 bruket. Leendena spred sig \u00f6ver nattliga svettiga ansikten och arbetet med verktygen k\u00e4ndes l\u00e4ttare. Arbetet gick vidare och i gryningen var maskinen ig\u00e5ng igen.<\/p>\n<p>Tack vare Gusten.<\/p>\n<p>Nu \u00e4r Gusten borta men fabriken finns kvar och \u00e4ven maskiner fr\u00e5n Gustens tid. Det h\u00e4nder f\u00f6rst\u00e5s \u00e4ven idag att maskinbanor i denna processindustri havererar. Men numera intr\u00e4ffar d\u00e5 det m\u00e4rkliga att n\u00e5gra tycker sig h\u00f6ra Gusten vissla och stilla sjunga i fabriken. N\u00e5gonstans d\u00e4r uppe under taket. D\u00e5 h\u00e4mtar arbetarna kraft och s\u00e4ger att det sitter i v\u00e4ggarna: Gusten \u00e4r med oss. Vi ger oss inte!<\/p>\n<p>+++++++++++++++++++++++++++++++++++++++++++++++++++++++<\/p>\n<p>Om du vill h\u00f6ra mer om Gusten och andra fantastiska m\u00e4nniskor som b\u00e4r ber\u00e4ttelserna i privat, offentlig och ideell sektor s\u00e5 \u00e4r du v\u00e4lkommen som min g\u00e4st 26 augusti p\u00e5 Krukmakargatan p\u00e5 S\u00f6der i Stockholm. Vi b\u00f6rjar med lite mingel vid 13.30 sen ber\u00e4ttar jag och visar lite filmer mellan 14-15 och sen finns det tid f\u00f6r eftersnack f\u00f6r den som vill d\u00e4refter.<\/p>\n<p>Vill du bli min g\u00e4st s\u00e5 skickar du ett mejl till matts@storytellers.se d\u00e4r du ber\u00e4ttar lite vem du \u00e4r och varf\u00f6r du vill komma s\u00e5 \u00e5terkommer jag med exakta uppgifter som portkod med mera. S\u00e4tt rubriken 26 augusti i mejlet. Jag bjuder, det kostar ingenting.<\/p>\n<p>+++++++++++++++++++++++++++++++++++++++++++++++++++++++<\/p>\n<p>Det var allt f\u00f6r denna g\u00e5ng. Jag som skrivit detta och de nittiosju tidigare nyhetsbreven heter <strong>Matts Heijbel<\/strong>. Jag \u00e4r den mest erfarne inom Corporate Storytelling i Sverige och har arbetat med hundratals f\u00f6retag och organisationer de senaste femton \u00e5ren. Vill du att jag kommer och ber\u00e4ttar eller hj\u00e4lper er ig\u00e5ng med att s\u00f6ka finna och sk\u00f6rda ber\u00e4ttelser s\u00e5 h\u00f6r av dig.<\/p>\n<p>I den s\u00e5 kallade <em>Heijbelmodellen<\/em> kan jag garantera ber\u00e4ttelser redan f\u00f6rsta dagen och vill ni ha dem p\u00e5 film och visa dem redan samma kv\u00e4ll s\u00e5 g\u00e5r det ocks\u00e5 med r\u00e4tt planering.<\/p>\n<p>Vill du inte ha brevet l\u00e4ngre s\u00e5 kan du v\u00e4nda det med ett Nej tack s\u00e5 tar vi bort dig ur s\u00e4ndlistan.<\/p>\n<p>H\u00e4lsningar<br \/>\nMatts Heijbel<br \/>\nStockholm \/ Gr\u00f6dinge 17 augusti 2015<\/p>\n<ol>\n","protected":false},"excerpt":{"rendered":"<p>Detta nyhetsbrev gick ig\u00e5r ut till n\u00e4ra 3000 prenumeranter. Vill du ocks\u00e5 vara med p\u00e5 s\u00e4ndlistan? Gratis f\u00f6rst\u00e5s och l\u00e4tt att l\u00e4mna med ett knapptryck om du tr\u00f6ttnar. Skriv till matts@storytellers.se och s\u00e4tt rubriken Nyhetsbrev ja tack s\u00e5 \u00e4r du med. Nyhetsbrev 98: Hej Storytellerv\u00e4n Det \u00e4r nu dags f\u00f6r det nittio\u00e5ttonde nyhetsbrevet fr\u00e5n Storytellers.se&#8230;<\/p>\n","protected":false},"author":2,"featured_media":0,"comment_status":"open","ping_status":"open","sticky":false,"template":"","format":"standard","meta":[],"categories":[8],"tags":[],"_links":{"self":[{"href":"https:\/\/storytellers.se\/index.php?rest_route=\/wp\/v2\/posts\/4425"}],"collection":[{"href":"https:\/\/storytellers.se\/index.php?rest_route=\/wp\/v2\/posts"}],"about":[{"href":"https:\/\/storytellers.se\/index.php?rest_route=\/wp\/v2\/types\/post"}],"author":[{"embeddable":true,"href":"https:\/\/storytellers.se\/index.php?rest_route=\/wp\/v2\/users\/2"}],"replies":[{"embeddable":true,"href":"https:\/\/storytellers.se\/index.php?rest_route=%2Fwp%2Fv2%2Fcomments&post=4425"}],"version-history":[{"count":0,"href":"https:\/\/storytellers.se\/index.php?rest_route=\/wp\/v2\/posts\/4425\/revisions"}],"wp:attachment":[{"href":"https:\/\/storytellers.se\/index.php?rest_route=%2Fwp%2Fv2%2Fmedia&parent=4425"}],"wp:term":[{"taxonomy":"category","embeddable":true,"href":"https:\/\/storytellers.se\/index.php?rest_route=%2Fwp%2Fv2%2Fcategories&post=4425"},{"taxonomy":"post_tag","embeddable":true,"href":"https:\/\/storytellers.se\/index.php?rest_route=%2Fwp%2Fv2%2Ftags&post=4425"}],"curies":[{"name":"wp","href":"https:\/\/api.w.org\/{rel}","templated":true}]}}