{"id":4423,"date":"2015-08-17T08:26:14","date_gmt":"2015-08-17T06:26:14","guid":{"rendered":"http:\/\/storytellers.se\/?p=4423"},"modified":"2015-08-17T08:26:14","modified_gmt":"2015-08-17T06:26:14","slug":"doktorn-alade-sig-in-i-rummet","status":"publish","type":"post","link":"https:\/\/storytellers.se\/?p=4423","title":{"rendered":"Doktorn \u00e5lade sig in i rummet"},"content":{"rendered":"<p>Jag har varit med att dra ig\u00e5ng storytellingen i <em>Landstinget i Kalmar l\u00e4n<\/em>. De har d\u00e4refter gjort att fantastiskt bra och ambiti\u00f6st arbete som uppm\u00e4rksammas runt om i Landstingssverige. H\u00e4r \u00e4r en story fr\u00e5n landstingsv\u00e4rlden i Kalmar:<\/p>\n<p>Mamman skulle g\u00e5 med sin lille pojke f\u00f6r att visa upp en del utslag pojken hade p\u00e5 huden. De v\u00e4ntande nu i ett bes\u00f6ksrum n\u00e4r d\u00f6rren pl\u00f6tsligt \u00f6ppnades och doktorn stod d\u00e4r, en l\u00e5ng man med vit rock och med stetoskopet h\u00e4ngande runt nacken.<\/p>\n<p>\u2013 Hej min lille v\u00e4n, vad heter du d\u00e5? fr\u00e5gade doktorn.<\/p>\n<p>Pojken blev livr\u00e4dd och fl\u00f6g upp i mammans kn\u00e4.<\/p>\n<p>Doktorn f\u00f6rstod att han misslyckats s\u00e5 han sa till mamman och pojken att han strax skulle komma igen. Han gick ut ur rummet och t\u00e4nkte stilla med handen i hakan medan han tittade ut mot gr\u00f6nskan. Hur skulle han g\u00f6ra f\u00f6r att n\u00e5 fram till pojken.<\/p>\n<p>Skulle han krypa? Nej \u2013 \u00e5la! Det skulle han.<\/p>\n<p>Han la sig p\u00e5 mage, kastade stetoskopet upp p\u00e5 ryggen och \u00e5lade medelst hasning fram mot d\u00f6rren som han \u00f6ppnade med en huvudknyck. Han \u00e5lade fram till pojken och tittade upp p\u00e5 honom.<\/p>\n<p>\u2013 Hej min lille pojke vad heter du d\u00e5, fr\u00e5gade doktorn.<\/p>\n<p>Pojken tittade p\u00e5 den \u00e5lande doktorn och svarade leende:<\/p>\n<p>\u2013 Markus.<\/p>\n<p>Sen var detta l\u00f6st. Isen var bruten och doktorn fick unders\u00f6ka pojkens utslag.<\/p>\n<p>Gullig barnhistoria. Javisst! Men ocks\u00e5 en ber\u00e4ttelse om bem\u00f6tande gentemot en av v\u00e5ra minsta.<\/p>\n","protected":false},"excerpt":{"rendered":"<p>Jag har varit med att dra ig\u00e5ng storytellingen i Landstinget i Kalmar l\u00e4n. De har d\u00e4refter gjort att fantastiskt bra och ambiti\u00f6st arbete som uppm\u00e4rksammas runt om i Landstingssverige. H\u00e4r \u00e4r en story fr\u00e5n landstingsv\u00e4rlden i Kalmar: Mamman skulle g\u00e5 med sin lille pojke f\u00f6r att visa upp en del utslag pojken hade p\u00e5 huden&#8230;.<\/p>\n","protected":false},"author":2,"featured_media":0,"comment_status":"open","ping_status":"open","sticky":false,"template":"","format":"standard","meta":[],"categories":[10],"tags":[],"_links":{"self":[{"href":"https:\/\/storytellers.se\/index.php?rest_route=\/wp\/v2\/posts\/4423"}],"collection":[{"href":"https:\/\/storytellers.se\/index.php?rest_route=\/wp\/v2\/posts"}],"about":[{"href":"https:\/\/storytellers.se\/index.php?rest_route=\/wp\/v2\/types\/post"}],"author":[{"embeddable":true,"href":"https:\/\/storytellers.se\/index.php?rest_route=\/wp\/v2\/users\/2"}],"replies":[{"embeddable":true,"href":"https:\/\/storytellers.se\/index.php?rest_route=%2Fwp%2Fv2%2Fcomments&post=4423"}],"version-history":[{"count":0,"href":"https:\/\/storytellers.se\/index.php?rest_route=\/wp\/v2\/posts\/4423\/revisions"}],"wp:attachment":[{"href":"https:\/\/storytellers.se\/index.php?rest_route=%2Fwp%2Fv2%2Fmedia&parent=4423"}],"wp:term":[{"taxonomy":"category","embeddable":true,"href":"https:\/\/storytellers.se\/index.php?rest_route=%2Fwp%2Fv2%2Fcategories&post=4423"},{"taxonomy":"post_tag","embeddable":true,"href":"https:\/\/storytellers.se\/index.php?rest_route=%2Fwp%2Fv2%2Ftags&post=4423"}],"curies":[{"name":"wp","href":"https:\/\/api.w.org\/{rel}","templated":true}]}}