{"id":4419,"date":"2015-08-15T10:51:55","date_gmt":"2015-08-15T08:51:55","guid":{"rendered":"http:\/\/storytellers.se\/?p=4419"},"modified":"2015-08-15T10:51:55","modified_gmt":"2015-08-15T08:51:55","slug":"manniskan-har-alltid-berattat","status":"publish","type":"post","link":"https:\/\/storytellers.se\/?p=4419","title":{"rendered":"M\u00e4nniskan har alltid ber\u00e4ttat"},"content":{"rendered":"<p>Storytelling \u00e4r ett s\u00e4tt att uttrycka och visa, sprida och anv\u00e4nda kraften i m\u00e4nsklig kultur. Eftersom vi som m\u00e4nniskor organiserar oss i familjer, sl\u00e4kter, f\u00f6retag och andra typer av arbetsgemenskaper s\u00e5 anv\u00e4nder vi f\u00f6rst\u00e5s storytelling \u00e4n i dag p\u00e5 samma s\u00e4tt som m\u00e4nniskan alltid har gjort. Utan stories d\u00f6r organisationen.<\/p>\n<p>Organisation \u00e4r m\u00e4nniskor och m\u00e4nniskan \u00e4r ett ber\u00e4ttande djur.<\/p>\n<p>Det nya i v\u00e5r tid \u00e4r att denna m\u00e4nskliga uttrycksform har professionaliserats i ett arbetsliv och hanteras allt mer medvetet f\u00f6r verksamhetens framg\u00e5ng. Det handlar allts\u00e5 att hitta former och man\u00e9r som ber\u00f6r och involverar m\u00e4nniskor.<\/p>\n<p>Vi beh\u00f6ver kanske inte anv\u00e4nda mangementprosa eller f\u00f6r mycket copyspr\u00e5k utan snarare ett vanligt vardagsspr\u00e5k som ber\u00f6r. Ett spr\u00e5k som vi anv\u00e4nder n\u00e4r vi talar till v\u00e4nner som vi bryr oss om. Ett spr\u00e5k som g\u00f6r att de vill lyssna och som visar att vi lyssnar.<\/p>\n<p>Ber\u00e4ttelserna s\u00f6ker vi och sk\u00f6rdar bland medarbetare och intressenter. Vi h\u00e5ller oss till sanningen och v\u00e4ljer ber\u00e4ttelser som passar v\u00e5ra syften och behov n\u00e4r vi exempelvis vill \u00f6verf\u00f6ra kunskap eller visa v\u00e4rderingar. N\u00e4r vi vill p\u00e5verka snacket.<\/p>\n<p>M\u00e4nniskor i alla tider och i alla sammanhang har valt sina ber\u00e4ttelser. Ber\u00e4ttelser som vi tror ska ge oss framg\u00e5ng och tillfredsst\u00e4llelse. S\u00e5 \u00e4r det f\u00f6rst\u00e5s i arbetslivet ocks\u00e5.<br \/>\nBer\u00e4ttelser som anv\u00e4nds i Corporate Storytelling s\u00e4tter in saker och id\u00e9er i sammanhang och befolkar verkligheten. De l\u00e4r oss viktiga saker om oss sj\u00e4lva och v\u00e5ra kunder, det vill s\u00e4ga dem vi k\u00e4nner och \u00e4r beroende av.<\/p>\n<p>Stories kan f\u00e5 oss att f\u00f6rst\u00e5 sammanhang i ett enda slag, \u00e4ven om vi har olika bakgrund, \u00e5lder och utbildning. Den befolkade scenen visar det sj\u00e4lvklara.<\/p>\n<p>Sist men inte minst s\u00e5 \u00e4r det roligt. Det beh\u00f6ver inte vara sassa-brassa-mandelmassa vad vi \u00e4r bra. Det kan lika g\u00e4rna vara en enkel men v\u00e4l vald bild fr\u00e5n verkligheten d\u00e4r den som h\u00f6r sj\u00e4lv f\u00f6rst\u00e5r och sen kanske ber\u00e4ttar storyn vidare f\u00f6r att han eller hon ser ett m\u00e4nskligt sammanhang i verksamheten och f\u00f6rst\u00e5r motiven. Kanske till och med om misstag.<\/p>\n<p>Det kan ocks\u00e5 handla om ber\u00e4ttelser som visar nya grepp och som drar oss in i framtiden.<\/p>\n<p>S\u00e5 t\u00e4nker en som \u00e4r medveten om Storytelling i och om organisationer. Har man f\u00f6rst\u00e5tt och upplevt dessa insikter s\u00e5 \u00e4r det inte l\u00e4ngre begripligt att inte alla f\u00f6retag och organisationer h\u00e5ller p\u00e5 medvetet med detta.<\/p>\n","protected":false},"excerpt":{"rendered":"<p>Storytelling \u00e4r ett s\u00e4tt att uttrycka och visa, sprida och anv\u00e4nda kraften i m\u00e4nsklig kultur. Eftersom vi som m\u00e4nniskor organiserar oss i familjer, sl\u00e4kter, f\u00f6retag och andra typer av arbetsgemenskaper s\u00e5 anv\u00e4nder vi f\u00f6rst\u00e5s storytelling \u00e4n i dag p\u00e5 samma s\u00e4tt som m\u00e4nniskan alltid har gjort. Utan stories d\u00f6r organisationen. Organisation \u00e4r m\u00e4nniskor och m\u00e4nniskan&#8230;<\/p>\n","protected":false},"author":2,"featured_media":0,"comment_status":"open","ping_status":"open","sticky":false,"template":"","format":"standard","meta":[],"categories":[2],"tags":[],"_links":{"self":[{"href":"https:\/\/storytellers.se\/index.php?rest_route=\/wp\/v2\/posts\/4419"}],"collection":[{"href":"https:\/\/storytellers.se\/index.php?rest_route=\/wp\/v2\/posts"}],"about":[{"href":"https:\/\/storytellers.se\/index.php?rest_route=\/wp\/v2\/types\/post"}],"author":[{"embeddable":true,"href":"https:\/\/storytellers.se\/index.php?rest_route=\/wp\/v2\/users\/2"}],"replies":[{"embeddable":true,"href":"https:\/\/storytellers.se\/index.php?rest_route=%2Fwp%2Fv2%2Fcomments&post=4419"}],"version-history":[{"count":0,"href":"https:\/\/storytellers.se\/index.php?rest_route=\/wp\/v2\/posts\/4419\/revisions"}],"wp:attachment":[{"href":"https:\/\/storytellers.se\/index.php?rest_route=%2Fwp%2Fv2%2Fmedia&parent=4419"}],"wp:term":[{"taxonomy":"category","embeddable":true,"href":"https:\/\/storytellers.se\/index.php?rest_route=%2Fwp%2Fv2%2Fcategories&post=4419"},{"taxonomy":"post_tag","embeddable":true,"href":"https:\/\/storytellers.se\/index.php?rest_route=%2Fwp%2Fv2%2Ftags&post=4419"}],"curies":[{"name":"wp","href":"https:\/\/api.w.org\/{rel}","templated":true}]}}