{"id":4417,"date":"2015-08-12T11:26:58","date_gmt":"2015-08-12T09:26:58","guid":{"rendered":"http:\/\/storytellers.se\/?p=4417"},"modified":"2015-08-12T11:26:58","modified_gmt":"2015-08-12T09:26:58","slug":"bli-min-gast-den-26-augusti-2","status":"publish","type":"post","link":"https:\/\/storytellers.se\/?p=4417","title":{"rendered":"Bli min g\u00e4st den 26 augusti"},"content":{"rendered":"<p>Den 26 augusti \u00e4r du v\u00e4lkommen till mitt konferensrum p\u00e5 K22, Krukmakargatan 22, p\u00e5 S\u00f6dermalm i Stockholm. Jag ber\u00e4ttar om mitt arbete med Corporate Storytelling och visar exempel b\u00e5de muntligt och via film. Jag \u00f6ppnar d\u00f6rrarna vid 13.30 och efter lite mingel s\u00e5 k\u00f6r vi ig\u00e5ng mellan klockan 14.00 &#8211; 15.00. Efter\u00e5t finns det m\u00f6jlighet till lite eftersnack f\u00f6r den som vill.<\/p>\n<p>Det kostar ingenting och jag bjuder p\u00e5 fika. Det finns m\u00f6jlighet att k\u00f6pa min bok <strong>Storytelling befolkar varum\u00e4rket<\/strong> till f\u00f6rlagsnettopris om du vill. Du tar med dig boken och f\u00e5r sen en faktura fr\u00e5n f\u00f6rlaget.<\/p>\n<p>Jag vill att du anm\u00e4ler dig och ber\u00e4ttar med n\u00e5gra rader vem du \u00e4r och varf\u00f6r du vill komma. Svara med rubriken <strong><em>26 augusti<\/em><\/strong> till matts@storytellers.se s\u00e5 \u00e5terkommer jag med portkod med mera.<\/p>\n","protected":false},"excerpt":{"rendered":"<p>Den 26 augusti \u00e4r du v\u00e4lkommen till mitt konferensrum p\u00e5 K22, Krukmakargatan 22, p\u00e5 S\u00f6dermalm i Stockholm. Jag ber\u00e4ttar om mitt arbete med Corporate Storytelling och visar exempel b\u00e5de muntligt och via film. Jag \u00f6ppnar d\u00f6rrarna vid 13.30 och efter lite mingel s\u00e5 k\u00f6r vi ig\u00e5ng mellan klockan 14.00 &#8211; 15.00. Efter\u00e5t finns det m\u00f6jlighet&#8230;<\/p>\n","protected":false},"author":2,"featured_media":0,"comment_status":"open","ping_status":"open","sticky":false,"template":"","format":"standard","meta":[],"categories":[9],"tags":[],"_links":{"self":[{"href":"https:\/\/storytellers.se\/index.php?rest_route=\/wp\/v2\/posts\/4417"}],"collection":[{"href":"https:\/\/storytellers.se\/index.php?rest_route=\/wp\/v2\/posts"}],"about":[{"href":"https:\/\/storytellers.se\/index.php?rest_route=\/wp\/v2\/types\/post"}],"author":[{"embeddable":true,"href":"https:\/\/storytellers.se\/index.php?rest_route=\/wp\/v2\/users\/2"}],"replies":[{"embeddable":true,"href":"https:\/\/storytellers.se\/index.php?rest_route=%2Fwp%2Fv2%2Fcomments&post=4417"}],"version-history":[{"count":0,"href":"https:\/\/storytellers.se\/index.php?rest_route=\/wp\/v2\/posts\/4417\/revisions"}],"wp:attachment":[{"href":"https:\/\/storytellers.se\/index.php?rest_route=%2Fwp%2Fv2%2Fmedia&parent=4417"}],"wp:term":[{"taxonomy":"category","embeddable":true,"href":"https:\/\/storytellers.se\/index.php?rest_route=%2Fwp%2Fv2%2Fcategories&post=4417"},{"taxonomy":"post_tag","embeddable":true,"href":"https:\/\/storytellers.se\/index.php?rest_route=%2Fwp%2Fv2%2Ftags&post=4417"}],"curies":[{"name":"wp","href":"https:\/\/api.w.org\/{rel}","templated":true}]}}