{"id":4401,"date":"2015-08-08T09:09:03","date_gmt":"2015-08-08T07:09:03","guid":{"rendered":"http:\/\/storytellers.se\/?p=4401"},"modified":"2015-08-08T09:09:03","modified_gmt":"2015-08-08T07:09:03","slug":"foretagsfolklore-ar-viktig","status":"publish","type":"post","link":"https:\/\/storytellers.se\/?p=4401","title":{"rendered":"F\u00f6retagsfolklore \u00e4r viktig"},"content":{"rendered":"<p>Den som inte ber\u00e4ttar finns inte.<\/p>\n<p>N\u00e4r jag en g\u00e5ng studerade socialantropologi och etnologi s\u00e5 var det en sj\u00e4lvklar sanning att alla kulturer b\u00e4rs av sina ber\u00e4ttelser, sin folklore. Detta g\u00e4ller f\u00f6rst\u00e5s ocks\u00e5 i dagens f\u00f6retag och organisationer n\u00e5got som blivit allt mer uppenbart n\u00e4r samh\u00e4llsorganisationerna f\u00f6r\u00e4ndrats och m\u00e4nniskor lever och arbetar i andra sammanhang \u00e4n p\u00e5 den tid d\u00e5 antropologin och etnologin bildades som vetenskaper.<\/p>\n<p>Faktum \u00e4r att mycket av varje-dags-verksamheterna i arbetslivet kommuniceras och synligg\u00f6rs \u00e4ven i dag med ber\u00e4ttelser. Precis som det varit genom \u00e5rtusenden delas \u00e4n i dag ber\u00e4ttelser av m\u00e4nniskan. Fr\u00e5gan blir d\u00e5 hur medvetna \u00e4r vi om detta ur\u00e5ldriga s\u00e4tt att bygga framtid och f\u00f6rst\u00e5 sin historia.<\/p>\n<p>Ledare som f\u00f6rst\u00e5r dessa tankeg\u00e5ngar kan allts\u00e5 \u00e4ven p\u00e5 2000-talet motivera medarbetare, locka kunder, rekrytera nya flockmedlemmar och sl\u00e5 bryggor av f\u00f6rtroenden och kunskapsspridning genom den ur\u00e5ldriga tekniken storytelling, som jag i dessa sammanhang kallar Corporate Storytelling, ett \u00e4mne som du kan studera till och med vid Harvard.<\/p>\n<p>D\u00e5 uppst\u00e5r F\u00f6retagsfolklore som visar v\u00e4rderingar och kompetens, som visar nyttan med att organisationen finns.<\/p>\n","protected":false},"excerpt":{"rendered":"<p>Den som inte ber\u00e4ttar finns inte. N\u00e4r jag en g\u00e5ng studerade socialantropologi och etnologi s\u00e5 var det en sj\u00e4lvklar sanning att alla kulturer b\u00e4rs av sina ber\u00e4ttelser, sin folklore. Detta g\u00e4ller f\u00f6rst\u00e5s ocks\u00e5 i dagens f\u00f6retag och organisationer n\u00e5got som blivit allt mer uppenbart n\u00e4r samh\u00e4llsorganisationerna f\u00f6r\u00e4ndrats och m\u00e4nniskor lever och arbetar i andra sammanhang&#8230;<\/p>\n","protected":false},"author":2,"featured_media":0,"comment_status":"open","ping_status":"open","sticky":false,"template":"","format":"standard","meta":[],"categories":[2],"tags":[],"_links":{"self":[{"href":"https:\/\/storytellers.se\/index.php?rest_route=\/wp\/v2\/posts\/4401"}],"collection":[{"href":"https:\/\/storytellers.se\/index.php?rest_route=\/wp\/v2\/posts"}],"about":[{"href":"https:\/\/storytellers.se\/index.php?rest_route=\/wp\/v2\/types\/post"}],"author":[{"embeddable":true,"href":"https:\/\/storytellers.se\/index.php?rest_route=\/wp\/v2\/users\/2"}],"replies":[{"embeddable":true,"href":"https:\/\/storytellers.se\/index.php?rest_route=%2Fwp%2Fv2%2Fcomments&post=4401"}],"version-history":[{"count":0,"href":"https:\/\/storytellers.se\/index.php?rest_route=\/wp\/v2\/posts\/4401\/revisions"}],"wp:attachment":[{"href":"https:\/\/storytellers.se\/index.php?rest_route=%2Fwp%2Fv2%2Fmedia&parent=4401"}],"wp:term":[{"taxonomy":"category","embeddable":true,"href":"https:\/\/storytellers.se\/index.php?rest_route=%2Fwp%2Fv2%2Fcategories&post=4401"},{"taxonomy":"post_tag","embeddable":true,"href":"https:\/\/storytellers.se\/index.php?rest_route=%2Fwp%2Fv2%2Ftags&post=4401"}],"curies":[{"name":"wp","href":"https:\/\/api.w.org\/{rel}","templated":true}]}}