{"id":4391,"date":"2015-08-02T08:38:07","date_gmt":"2015-08-02T06:38:07","guid":{"rendered":"http:\/\/storytellers.se\/?p=4391"},"modified":"2015-08-02T08:38:07","modified_gmt":"2015-08-02T06:38:07","slug":"svenska-kyrkan-pa-hockeyarenan","status":"publish","type":"post","link":"https:\/\/storytellers.se\/?p=4391","title":{"rendered":"Svenska kyrkan p\u00e5 hockeyarenan"},"content":{"rendered":"<p>Jag har arbetat en del med <em>Storytelling \/ Storylistening<\/em> hos <em>Svenska Kyrkan<\/em> i bland annat \u00d6rebro. Samlat starka ber\u00e4ttelser om vad de g\u00f6r egentligen, Kyrkanfolket, n\u00e4r det inte \u00e4r br\u00f6llop, dop och begravning. Vi har filmat en del vittnesb\u00f6rd om detta som publicerats p\u00e5 exempelvis Youtube.<\/p>\n<p>Redan nu finns ett samarbete mellan Svenska kyrkan i \u00d6rebro\/Kumla och den lokala hockeyn s\u00e5 n\u00e4r SHL-laget <em>\u00d6rebro Hockey<\/em> har hemmamatch kunde organisten <strong>Karl-Magnus Jansson<\/strong> dra ig\u00e5ng p\u00e5 hockeyorgel ( inspelad ) i den stora TV-sk\u00e4rmen, den s\u00e5 kallade jumbotronen, p\u00e5 arenan. Som en del av samarbetet mellan kyrka och hockey i \u00d6rebro.<\/p>\n<p>Kyrkan samlar pengar till beh\u00f6vande och bland annat har ocks\u00e5 de &#8221;kyrkanlogotypef\u00f6rsedda&#8221; spelarna tr\u00e4ffat konfirmander fr\u00e5n \u00d6rebro och Kumla.<\/p>\n<p><iframe loading=\"lazy\" title=\"&quot;Hos oss \u00e4r alla vinnare&quot; film 1  -- Svenska kyrkan och \u00d6rebro Hockey\" width=\"700\" height=\"394\" src=\"https:\/\/www.youtube.com\/embed\/03lXfpUQAfo?feature=oembed\" frameborder=\"0\" allow=\"accelerometer; autoplay; clipboard-write; encrypted-media; gyroscope; picture-in-picture; web-share\" allowfullscreen><\/iframe><\/p>\n","protected":false},"excerpt":{"rendered":"<p>Jag har arbetat en del med Storytelling \/ Storylistening hos Svenska Kyrkan i bland annat \u00d6rebro. Samlat starka ber\u00e4ttelser om vad de g\u00f6r egentligen, Kyrkanfolket, n\u00e4r det inte \u00e4r br\u00f6llop, dop och begravning. Vi har filmat en del vittnesb\u00f6rd om detta som publicerats p\u00e5 exempelvis Youtube. Redan nu finns ett samarbete mellan Svenska kyrkan i&#8230;<\/p>\n","protected":false},"author":2,"featured_media":0,"comment_status":"open","ping_status":"open","sticky":false,"template":"","format":"standard","meta":[],"categories":[10],"tags":[],"_links":{"self":[{"href":"https:\/\/storytellers.se\/index.php?rest_route=\/wp\/v2\/posts\/4391"}],"collection":[{"href":"https:\/\/storytellers.se\/index.php?rest_route=\/wp\/v2\/posts"}],"about":[{"href":"https:\/\/storytellers.se\/index.php?rest_route=\/wp\/v2\/types\/post"}],"author":[{"embeddable":true,"href":"https:\/\/storytellers.se\/index.php?rest_route=\/wp\/v2\/users\/2"}],"replies":[{"embeddable":true,"href":"https:\/\/storytellers.se\/index.php?rest_route=%2Fwp%2Fv2%2Fcomments&post=4391"}],"version-history":[{"count":0,"href":"https:\/\/storytellers.se\/index.php?rest_route=\/wp\/v2\/posts\/4391\/revisions"}],"wp:attachment":[{"href":"https:\/\/storytellers.se\/index.php?rest_route=%2Fwp%2Fv2%2Fmedia&parent=4391"}],"wp:term":[{"taxonomy":"category","embeddable":true,"href":"https:\/\/storytellers.se\/index.php?rest_route=%2Fwp%2Fv2%2Fcategories&post=4391"},{"taxonomy":"post_tag","embeddable":true,"href":"https:\/\/storytellers.se\/index.php?rest_route=%2Fwp%2Fv2%2Ftags&post=4391"}],"curies":[{"name":"wp","href":"https:\/\/api.w.org\/{rel}","templated":true}]}}