{"id":4387,"date":"2015-07-31T10:03:14","date_gmt":"2015-07-31T08:03:14","guid":{"rendered":"http:\/\/storytellers.se\/?p=4387"},"modified":"2015-07-31T10:03:14","modified_gmt":"2015-07-31T08:03:14","slug":"storyn-lika-viktig-som-cv","status":"publish","type":"post","link":"https:\/\/storytellers.se\/?p=4387","title":{"rendered":"Storyn lika viktig som CV"},"content":{"rendered":"<p>Jag tr\u00e4ffar m\u00e5nga m\u00e4nniskor i b\u00f6rjan av sina karri\u00e4rer. I min familj de egna barnen och i mina kontakter med studenter i egenskap av storytellingkonsult rader av 20\u201330-\u00e5ringar. N\u00e4r jag undervisar p\u00e5 universitet och h\u00f6gskolor tr\u00e4ffar jag dem och alla har f\u00f6rst\u00e5s l\u00e4rt sig att de ska ha ett cv.<\/p>\n<p>Jag tr\u00e4ffar ocks\u00e5 rader av arbetsgivare som s\u00f6ker nya medarbetare och som ber\u00e4ttar hur de sorterar.<\/p>\n<p>Till de unga som s\u00f6ker jobb s\u00e4ger jag ofta: <em>Visst ska du ha ordning p\u00e5 ditt cv, men det \u00e4r \u00e4nd\u00e5 s\u00e5 att b\u00e4sta trov\u00e4rdiga storyn vinner<\/em>. Ha en befolkad vision i storyformat av din framtid i relation till f\u00f6retaget eller organisationen d\u00e4r du vill verka. Sedan plockar du fram cv:n n\u00e4r \u2013 och om \u2013 det blir aktuellt.<\/p>\n<p>Du ska allts\u00e5 f\u00f6rbereda h\u00e4ndelsebaserade ber\u00e4ttelser om dig sj\u00e4lv och kunna f\u00f6rklara hur dessa h\u00e4ndelser lett dig till just detta m\u00f6te d\u00e4r du f\u00f6r n\u00e4rvarande befinner dig, \u00f6ga mot \u00f6ga med den tillt\u00e4nkta arbetsgivaren.<\/p>\n<p>Du ska helst kunna m\u00e5la upp en bild som g\u00e5r in i rekryterarens v\u00e4rldsbild och p\u00e5verkar hens k\u00e4nsla. En bild d\u00e4r du sj\u00e4lv har en given roll. F\u00f6rs\u00f6k allts\u00e5 att med ord m\u00e5la och bygga en framtidsber\u00e4ttelse d\u00e4r b\u00e5de du och organisationen kommer att utvecklas f\u00f6r att du varit med om det dina ber\u00e4ttelser pekat p\u00e5.<\/p>\n<p>Detta g\u00e4ller f\u00f6rst\u00e5s \u00e4ven \u00e4ldre personer p\u00e5 v\u00e4g in i n\u00e5got nytt.<\/p>\n","protected":false},"excerpt":{"rendered":"<p>Jag tr\u00e4ffar m\u00e5nga m\u00e4nniskor i b\u00f6rjan av sina karri\u00e4rer. I min familj de egna barnen och i mina kontakter med studenter i egenskap av storytellingkonsult rader av 20\u201330-\u00e5ringar. N\u00e4r jag undervisar p\u00e5 universitet och h\u00f6gskolor tr\u00e4ffar jag dem och alla har f\u00f6rst\u00e5s l\u00e4rt sig att de ska ha ett cv. Jag tr\u00e4ffar ocks\u00e5 rader av&#8230;<\/p>\n","protected":false},"author":2,"featured_media":0,"comment_status":"open","ping_status":"open","sticky":false,"template":"","format":"standard","meta":[],"categories":[2],"tags":[],"_links":{"self":[{"href":"https:\/\/storytellers.se\/index.php?rest_route=\/wp\/v2\/posts\/4387"}],"collection":[{"href":"https:\/\/storytellers.se\/index.php?rest_route=\/wp\/v2\/posts"}],"about":[{"href":"https:\/\/storytellers.se\/index.php?rest_route=\/wp\/v2\/types\/post"}],"author":[{"embeddable":true,"href":"https:\/\/storytellers.se\/index.php?rest_route=\/wp\/v2\/users\/2"}],"replies":[{"embeddable":true,"href":"https:\/\/storytellers.se\/index.php?rest_route=%2Fwp%2Fv2%2Fcomments&post=4387"}],"version-history":[{"count":0,"href":"https:\/\/storytellers.se\/index.php?rest_route=\/wp\/v2\/posts\/4387\/revisions"}],"wp:attachment":[{"href":"https:\/\/storytellers.se\/index.php?rest_route=%2Fwp%2Fv2%2Fmedia&parent=4387"}],"wp:term":[{"taxonomy":"category","embeddable":true,"href":"https:\/\/storytellers.se\/index.php?rest_route=%2Fwp%2Fv2%2Fcategories&post=4387"},{"taxonomy":"post_tag","embeddable":true,"href":"https:\/\/storytellers.se\/index.php?rest_route=%2Fwp%2Fv2%2Ftags&post=4387"}],"curies":[{"name":"wp","href":"https:\/\/api.w.org\/{rel}","templated":true}]}}