{"id":4385,"date":"2015-07-30T09:17:08","date_gmt":"2015-07-30T07:17:08","guid":{"rendered":"http:\/\/storytellers.se\/?p=4385"},"modified":"2015-07-30T09:17:08","modified_gmt":"2015-07-30T07:17:08","slug":"da-nu-sen-2","status":"publish","type":"post","link":"https:\/\/storytellers.se\/?p=4385","title":{"rendered":"D\u00e5, Nu &amp; Sen"},"content":{"rendered":"<p>Ber\u00e4ttelserna om framtiden drar oss fram\u00e5t. Detta gl\u00f6mmer m\u00e5nga n\u00e4r de vill ber\u00e4tta i och om f\u00f6retag och organisationer.<\/p>\n<p>N\u00e4r man talar om H\u00e4ndelsebaserad Storytelling, som jag g\u00f6r mest hela tiden, s\u00e5 hamnar man ofta i skapelsebaserade ber\u00e4ttelser om hur det hela b\u00f6rjade. M\u00e5nga har n\u00e4stan f\u00e5tt f\u00f6r sig att det \u00e4r \u201d<strong>D\u00e5:et<\/strong>\u201d som \u00e4r Storytelling.<\/p>\n<p>F\u00f6ljaktligen vet vi att id\u00e9n till <em>V\u00e4tternrundan<\/em> f\u00f6ddes en regnig sommardag f\u00f6r 50 \u00e5r sedan n\u00e4r professorn och Motalasonen <strong>Sten-Otto Liljedahl<\/strong> fick f\u00f6r sig att han skulle cykla runt V\u00e4ttern. Hans fru <strong>Ingrid<\/strong> h\u00e4ngde p\u00e5 och s\u00e5g framf\u00f6r sig hur se skulle \u00f6vernatta och \u00e4ta goda middagar.<\/p>\n<p>D\u00e5 gick de till cykelaff\u00e4ren och cykelhandlaren <strong>Ewert Rydell<\/strong> sa att de ju kunde f\u00e5 punktering d\u00e4rf\u00f6r erbj\u00f6d han sig att f\u00f6lja med. S\u00e5 de gav sig iv\u00e4g. Tv\u00e5 \u00e5r senare k\u00f6rdes den f\u00f6rsta officiella rundan.<\/p>\n<p>Eller v\u00e4rldens st\u00f6rsta datorfestival <em>Dreamhack<\/em> som h\u00e5lls i J\u00f6nk\u00f6ping. Den b\u00f6rjade med att n\u00e5gra ton\u00e5ringar, <strong>Martin \u00d6jes<\/strong> och <strong>Kenny Eklund<\/strong> f\u00f6r 20 \u00e5r sedan best\u00e4mde sig f\u00f6r att arrangera en datortr\u00e4ff i skolmatsalen i Malung. De ritade affischer och kopierade dem i skolans kopieringsapparat.<\/p>\n<p>Visst \u00e4r det kul med skapelseber\u00e4ttelserna men jag tvingas i alla dessa sammanhang p\u00e5minna ocks\u00e5 om <strong>Nu<\/strong> och <strong>Sen<\/strong>. Hela tidslinjen ska fyllas om Corporate Storytelling ska f\u00e5 full effekt.<\/p>\n<p>I <strong>Sen:et <\/strong> sk\u00e5dar vi in i framtiden med hj\u00e4lp av ber\u00e4ttelser.<\/p>\n<p>Jag funderar mycket i dessa tankebanor \u00f6ver att man kan ber\u00e4tta sig in i framtiden och jag hoppas att n\u00e4sta bok ska koncentrera sig r\u00e4tt mycket p\u00e5 dessa visionsber\u00e4ttelser som drar oss fram\u00e5t.<\/p>\n<p>Det finns tekniker att bygga framtidsber\u00e4ttelser.<\/p>\n","protected":false},"excerpt":{"rendered":"<p>Ber\u00e4ttelserna om framtiden drar oss fram\u00e5t. Detta gl\u00f6mmer m\u00e5nga n\u00e4r de vill ber\u00e4tta i och om f\u00f6retag och organisationer. N\u00e4r man talar om H\u00e4ndelsebaserad Storytelling, som jag g\u00f6r mest hela tiden, s\u00e5 hamnar man ofta i skapelsebaserade ber\u00e4ttelser om hur det hela b\u00f6rjade. M\u00e5nga har n\u00e4stan f\u00e5tt f\u00f6r sig att det \u00e4r \u201dD\u00e5:et\u201d som \u00e4r&#8230;<\/p>\n","protected":false},"author":2,"featured_media":0,"comment_status":"open","ping_status":"open","sticky":false,"template":"","format":"standard","meta":[],"categories":[2],"tags":[],"_links":{"self":[{"href":"https:\/\/storytellers.se\/index.php?rest_route=\/wp\/v2\/posts\/4385"}],"collection":[{"href":"https:\/\/storytellers.se\/index.php?rest_route=\/wp\/v2\/posts"}],"about":[{"href":"https:\/\/storytellers.se\/index.php?rest_route=\/wp\/v2\/types\/post"}],"author":[{"embeddable":true,"href":"https:\/\/storytellers.se\/index.php?rest_route=\/wp\/v2\/users\/2"}],"replies":[{"embeddable":true,"href":"https:\/\/storytellers.se\/index.php?rest_route=%2Fwp%2Fv2%2Fcomments&post=4385"}],"version-history":[{"count":0,"href":"https:\/\/storytellers.se\/index.php?rest_route=\/wp\/v2\/posts\/4385\/revisions"}],"wp:attachment":[{"href":"https:\/\/storytellers.se\/index.php?rest_route=%2Fwp%2Fv2%2Fmedia&parent=4385"}],"wp:term":[{"taxonomy":"category","embeddable":true,"href":"https:\/\/storytellers.se\/index.php?rest_route=%2Fwp%2Fv2%2Fcategories&post=4385"},{"taxonomy":"post_tag","embeddable":true,"href":"https:\/\/storytellers.se\/index.php?rest_route=%2Fwp%2Fv2%2Ftags&post=4385"}],"curies":[{"name":"wp","href":"https:\/\/api.w.org\/{rel}","templated":true}]}}