{"id":4381,"date":"2015-07-29T09:14:22","date_gmt":"2015-07-29T07:14:22","guid":{"rendered":"http:\/\/storytellers.se\/?p=4381"},"modified":"2015-07-29T09:14:22","modified_gmt":"2015-07-29T07:14:22","slug":"det-namngivna-borjar-alltid-beratta","status":"publish","type":"post","link":"https:\/\/storytellers.se\/?p=4381","title":{"rendered":"Det namngivna b\u00f6rjar alltid ber\u00e4tta"},"content":{"rendered":"<p>I samma stund som vi ger ett namn \u00e5t n\u00e5gon eller n\u00e5got s\u00e5 har vi \u00f6ppnat f\u00f6r en relation till honom\/henne\/hen eller den\/det. Vi kan b\u00f6rja ber\u00e4tta om hen eller den\/det.<\/p>\n<p>Till och med i bibeln uppmanas m\u00e4nniskan att s\u00e4tta namn p\u00e5 det hon ser och vill l\u00e4ra k\u00e4nna. Det \u00e4r p\u00e5 samma s\u00e4tt \u00f6verallt d\u00e4r m\u00e4nniskan r\u00f6r sig. Som traditionella kulturer som gav namn \u00e5t en viss stig, en flod, ett berg eller till och med en vind. Den blev personifierad och kunde b\u00f6rja b\u00e4ra ber\u00e4ttelser som visar n\u00e5got viktigt.<\/p>\n<p>Det inneb\u00e4r att vi som individer verkligen blir n\u00e5got n\u00e4r vi f\u00e5r ett namn. Detta g\u00e4ller ocks\u00e5 f\u00f6r en organisation, ett f\u00f6retag eller en vara eller en tj\u00e4nst. Till namnet kopplas ber\u00e4ttelser om det f\u00f6rflutna, nutiden och framtiden.<\/p>\n<p>Om du heter Markus eller Emelie, Putin eller Obama, Volvo eller Skoda, Coca Cola eller Julmust, F\u00f6rs\u00e4kringskassan eller Skatteverket och s\u00e5 vidare s\u00e5 \u00e4r dessa namn ocks\u00e5 b\u00e4rare av ber\u00e4ttelser. Vad st\u00e5r de h\u00e4r namnen f\u00f6r? Vilka ber\u00e4ttelser dyker upp i dina tankar n\u00e4r du h\u00f6r namnen? Vilka k\u00e4nslor f\u00e5r du &#8211; detta med storytelling \/ storylistening \/ storybuilding \/ storydoing etc \u00e4r ju som bekant emotionella verksamheter som ber\u00e4ttar.<\/p>\n<p>Om du nu f\u00f6rs\u00f6ker sk\u00f6rda, samla och erbjuda ber\u00e4ttelser om dig sj\u00e4lv, din organisation eller din produkt s\u00e5 hoppas du f\u00f6rmodligen att folk ska tro p\u00e5 dem. Lyssnaren, l\u00e4saren eller tittaren ska kunna lita p\u00e5 vad de f\u00e5r h\u00f6ra och kunna nicka inst\u00e4mmande och f\u00f6ra storyn vidare.<\/p>\n<p>Det \u00e4r allts\u00e5 emotionella v\u00e4rden kopplade till v\u00e4rderingar som finns i ber\u00e4ttelserna. De visar mening och inneh\u00e5ll och de ger dig eller din organisation eller din tj\u00e4nst eller vara en slags sj\u00e4lvst\u00e4ndighet och integritet.<\/p>\n<p>Det r\u00e4cker inte att spela en roll eller ber\u00e4tta en saga. Det kr\u00e4vs sj\u00e4lvst\u00e4ndighet och integritet. Sanning.<\/p>\n<p>P\u00e5hittade reklam- eller scenariesagor riskerar att komma tillbaks till dig som en bumerang. Det finns ber\u00e4ttelser d\u00e4r ute, inte minst i den sociala webben, om dig, din organisation eller dina varor och tj\u00e4nster. \u00c4r du beredd att ta emot dem? \u00c4r du redo f\u00f6r en dialog med kunder, \u00e4gare och andra intressenter? Om svaret \u00e4r ja s\u00e5 \u00e4r dialogen ig\u00e5ng och olika ber\u00e4ttelser kan brytas mot varandra och bidra till utveckling av personen, organisationen, varan eller tj\u00e4nsten.<\/p>\n<p>D\u00e5 talar vi om det \u00f6vergripande begreppet storytelling aprop\u00e5 m\u00e4nniskor och organisationer. D\u00e5 talar vi om att bygga framtid tillsammans. Vill vi befolka varum\u00e4rken s\u00e5 \u00e4r det bara att b\u00f6rja lyssna och tala och ber\u00e4tta oss in i framtiden. Det \u00e4r det \u00a0den <em>storytellers.se<\/em> envist handlar om.<\/p>\n","protected":false},"excerpt":{"rendered":"<p>I samma stund som vi ger ett namn \u00e5t n\u00e5gon eller n\u00e5got s\u00e5 har vi \u00f6ppnat f\u00f6r en relation till honom\/henne\/hen eller den\/det. Vi kan b\u00f6rja ber\u00e4tta om hen eller den\/det. Till och med i bibeln uppmanas m\u00e4nniskan att s\u00e4tta namn p\u00e5 det hon ser och vill l\u00e4ra k\u00e4nna. Det \u00e4r p\u00e5 samma s\u00e4tt \u00f6verallt&#8230;<\/p>\n","protected":false},"author":2,"featured_media":0,"comment_status":"open","ping_status":"open","sticky":false,"template":"","format":"standard","meta":[],"categories":[2],"tags":[],"_links":{"self":[{"href":"https:\/\/storytellers.se\/index.php?rest_route=\/wp\/v2\/posts\/4381"}],"collection":[{"href":"https:\/\/storytellers.se\/index.php?rest_route=\/wp\/v2\/posts"}],"about":[{"href":"https:\/\/storytellers.se\/index.php?rest_route=\/wp\/v2\/types\/post"}],"author":[{"embeddable":true,"href":"https:\/\/storytellers.se\/index.php?rest_route=\/wp\/v2\/users\/2"}],"replies":[{"embeddable":true,"href":"https:\/\/storytellers.se\/index.php?rest_route=%2Fwp%2Fv2%2Fcomments&post=4381"}],"version-history":[{"count":0,"href":"https:\/\/storytellers.se\/index.php?rest_route=\/wp\/v2\/posts\/4381\/revisions"}],"wp:attachment":[{"href":"https:\/\/storytellers.se\/index.php?rest_route=%2Fwp%2Fv2%2Fmedia&parent=4381"}],"wp:term":[{"taxonomy":"category","embeddable":true,"href":"https:\/\/storytellers.se\/index.php?rest_route=%2Fwp%2Fv2%2Fcategories&post=4381"},{"taxonomy":"post_tag","embeddable":true,"href":"https:\/\/storytellers.se\/index.php?rest_route=%2Fwp%2Fv2%2Ftags&post=4381"}],"curies":[{"name":"wp","href":"https:\/\/api.w.org\/{rel}","templated":true}]}}