{"id":4379,"date":"2015-07-28T08:58:05","date_gmt":"2015-07-28T06:58:05","guid":{"rendered":"http:\/\/storytellers.se\/?p=4379"},"modified":"2015-07-28T08:58:05","modified_gmt":"2015-07-28T06:58:05","slug":"lagg-pusslet-av-berattelser","status":"publish","type":"post","link":"https:\/\/storytellers.se\/?p=4379","title":{"rendered":"L\u00e4gg pusslet av ber\u00e4ttelser"},"content":{"rendered":"<p>L\u00e5t dem som har en relation till er verksamhet ber\u00e4tta.<\/p>\n<p>N\u00e4r jag \u00e4r inbjuden till ett f\u00f6retag eller en organisation f\u00f6r att s\u00f6ka och sk\u00f6rda ber\u00e4ttelser passa jag ofta p\u00e5 att leta efter medarbetarnas egna personliga ber\u00e4ttelser visavi organisationen \u2013 eller f\u00f6rst\u00e5s kundernas, brukarnas, klienternas \u2013 beroende p\u00e5 uppl\u00e4gget. Jag ser individen som en pusselbit i det samlade varum\u00e4rket som ska odlas och befolkas med h\u00e4ndelser.<\/p>\n<p>\u2022 Varf\u00f6r \u00e4r du h\u00e4r?<br \/>\n\u2022 Varf\u00f6r anlitar du just oss?<br \/>\n\u2022 Vad kommer du aldrig att gl\u00f6mma?<br \/>\n\u2022 Vad var det som gjorde att du s\u00f6kte dig till denna del av arbetslivet?<\/p>\n<p>Jag lovar att det finns m\u00e5nga s\u00e5dana personliga ber\u00e4ttelser om h\u00e4ndelser som kan l\u00e4ra organisationen och g\u00f6ra nytta i rekrytering, ledarskap, s\u00e4lj och marknadsf\u00f6ring. Jag menar allts\u00e5 inte vanliga sm\u00e5 puttenuttiga personportr\u00e4tt om en medarbetare som har tv\u00e5 barn och tycker om att segla p\u00e5 fritiden.<\/p>\n<p>Nej, det ska vara andekdotiska ber\u00e4ttelser om enskilda h\u00e4ndelser som haft betydelse f\u00f6r en m\u00e4nniska kopplade till detta specifika varum\u00e4rke. Magiska \u00f6gonblick som l\u00e4gger pusslet.<\/p>\n","protected":false},"excerpt":{"rendered":"<p>L\u00e5t dem som har en relation till er verksamhet ber\u00e4tta. N\u00e4r jag \u00e4r inbjuden till ett f\u00f6retag eller en organisation f\u00f6r att s\u00f6ka och sk\u00f6rda ber\u00e4ttelser passa jag ofta p\u00e5 att leta efter medarbetarnas egna personliga ber\u00e4ttelser visavi organisationen \u2013 eller f\u00f6rst\u00e5s kundernas, brukarnas, klienternas \u2013 beroende p\u00e5 uppl\u00e4gget. Jag ser individen som en pusselbit&#8230;<\/p>\n","protected":false},"author":2,"featured_media":0,"comment_status":"open","ping_status":"open","sticky":false,"template":"","format":"standard","meta":[],"categories":[2],"tags":[],"_links":{"self":[{"href":"https:\/\/storytellers.se\/index.php?rest_route=\/wp\/v2\/posts\/4379"}],"collection":[{"href":"https:\/\/storytellers.se\/index.php?rest_route=\/wp\/v2\/posts"}],"about":[{"href":"https:\/\/storytellers.se\/index.php?rest_route=\/wp\/v2\/types\/post"}],"author":[{"embeddable":true,"href":"https:\/\/storytellers.se\/index.php?rest_route=\/wp\/v2\/users\/2"}],"replies":[{"embeddable":true,"href":"https:\/\/storytellers.se\/index.php?rest_route=%2Fwp%2Fv2%2Fcomments&post=4379"}],"version-history":[{"count":0,"href":"https:\/\/storytellers.se\/index.php?rest_route=\/wp\/v2\/posts\/4379\/revisions"}],"wp:attachment":[{"href":"https:\/\/storytellers.se\/index.php?rest_route=%2Fwp%2Fv2%2Fmedia&parent=4379"}],"wp:term":[{"taxonomy":"category","embeddable":true,"href":"https:\/\/storytellers.se\/index.php?rest_route=%2Fwp%2Fv2%2Fcategories&post=4379"},{"taxonomy":"post_tag","embeddable":true,"href":"https:\/\/storytellers.se\/index.php?rest_route=%2Fwp%2Fv2%2Ftags&post=4379"}],"curies":[{"name":"wp","href":"https:\/\/api.w.org\/{rel}","templated":true}]}}