{"id":4373,"date":"2015-07-24T13:45:18","date_gmt":"2015-07-24T11:45:18","guid":{"rendered":"http:\/\/storytellers.se\/?p=4373"},"modified":"2015-07-24T13:45:18","modified_gmt":"2015-07-24T11:45:18","slug":"vet-tre-sa-vet-alla-2","status":"publish","type":"post","link":"https:\/\/storytellers.se\/?p=4373","title":{"rendered":"Vet tre s\u00e5 vet alla&#8230;"},"content":{"rendered":"<p>I <strong>Havamal<\/strong>, de fantastiska nordiska guda- och hj\u00e4ltes\u00e5ngerna, finns <strong><em>Den H\u00f6ges s\u00e5ng<\/em><\/strong>. Den H\u00f6ge Oden s\u00e4ger, f\u00f6renklat: Vet tre s\u00e5 vet alla. (veta det tre s\u00e5 veta v\u00e4rlden).<\/p>\n<p>Man ska allts\u00e5 h\u00e5lla hemligheter mellan tv\u00e5. Annars \u00e4r snacket ig\u00e5ng.<\/p>\n<p>Men, tv\u00e4rtom, om vi inte \u00e4r hemliga utan <strong><em>vill ha<\/em><\/strong> spridning d\u00e5?<\/p>\n<p>Just det, se bara till att tre vet s\u00e5 vet snart alla om det man ber\u00e4ttar har betydelse och om det s\u00e4ger n\u00e5got viktigt. Jag t\u00e4nker f\u00f6rst\u00e5s p\u00e5 sociala media d\u00e4r man lyssnar av och ropar ut.<\/p>\n<p>Corporate Storytelling vill att ber\u00e4ttelserna ska spridas och f\u00e5 vingar. Informella ber\u00e4ttare i och kring organisationer, ibland oavsett k\u00f6n f\u00f6rtalade som skvallerk\u00e4rringar, \u00e4r viktiga budb\u00e4rare. Nyfikna m\u00e4nniskor som lyssnar, tolkar och ber\u00e4ttar. Jag gillar dem.<\/p>\n<p>Ber\u00e4ttelserna \u00e4r allts\u00e5 grunden f\u00f6r <em><strong>allt socialt liv<\/strong><\/em> och de f\u00e5r samh\u00e4llet att fungera.<\/p>\n<p>Sysslar man med storylistening \/ storytelling s\u00e5 bygger man allts\u00e5 helt enkelt framtid.<\/p>\n","protected":false},"excerpt":{"rendered":"<p>I Havamal, de fantastiska nordiska guda- och hj\u00e4ltes\u00e5ngerna, finns Den H\u00f6ges s\u00e5ng. Den H\u00f6ge Oden s\u00e4ger, f\u00f6renklat: Vet tre s\u00e5 vet alla. (veta det tre s\u00e5 veta v\u00e4rlden). Man ska allts\u00e5 h\u00e5lla hemligheter mellan tv\u00e5. Annars \u00e4r snacket ig\u00e5ng. Men, tv\u00e4rtom, om vi inte \u00e4r hemliga utan vill ha spridning d\u00e5? Just det, se bara&#8230;<\/p>\n","protected":false},"author":2,"featured_media":0,"comment_status":"open","ping_status":"open","sticky":false,"template":"","format":"standard","meta":[],"categories":[2],"tags":[],"_links":{"self":[{"href":"https:\/\/storytellers.se\/index.php?rest_route=\/wp\/v2\/posts\/4373"}],"collection":[{"href":"https:\/\/storytellers.se\/index.php?rest_route=\/wp\/v2\/posts"}],"about":[{"href":"https:\/\/storytellers.se\/index.php?rest_route=\/wp\/v2\/types\/post"}],"author":[{"embeddable":true,"href":"https:\/\/storytellers.se\/index.php?rest_route=\/wp\/v2\/users\/2"}],"replies":[{"embeddable":true,"href":"https:\/\/storytellers.se\/index.php?rest_route=%2Fwp%2Fv2%2Fcomments&post=4373"}],"version-history":[{"count":0,"href":"https:\/\/storytellers.se\/index.php?rest_route=\/wp\/v2\/posts\/4373\/revisions"}],"wp:attachment":[{"href":"https:\/\/storytellers.se\/index.php?rest_route=%2Fwp%2Fv2%2Fmedia&parent=4373"}],"wp:term":[{"taxonomy":"category","embeddable":true,"href":"https:\/\/storytellers.se\/index.php?rest_route=%2Fwp%2Fv2%2Fcategories&post=4373"},{"taxonomy":"post_tag","embeddable":true,"href":"https:\/\/storytellers.se\/index.php?rest_route=%2Fwp%2Fv2%2Ftags&post=4373"}],"curies":[{"name":"wp","href":"https:\/\/api.w.org\/{rel}","templated":true}]}}