{"id":4365,"date":"2015-07-21T13:27:22","date_gmt":"2015-07-21T11:27:22","guid":{"rendered":"http:\/\/storytellers.se\/?p=4365"},"modified":"2015-07-21T13:27:22","modified_gmt":"2015-07-21T11:27:22","slug":"den-kyssande-mannen","status":"publish","type":"post","link":"https:\/\/storytellers.se\/?p=4365","title":{"rendered":"Den kyssande mannen"},"content":{"rendered":"<p>Det har p\u00e5g\u00e5tt en diskussion om folkbiblioteken p\u00e5 senare tid. Bibliotekslagen, nedlagda bibliotek i s\u00e5 kallade utsatta omr\u00e5den, ungdomar som &#8221;<em>tror att det \u00e4r n\u00e5gon j-a v\u00e4rmestuga och som inte kan vara tysta<\/em>&#8221; etc.<\/p>\n<p>Sj\u00e4lv \u00e4r jag \u00f6vertygad om att biblioteken betytt och betyder olika saker f\u00f6r olika m\u00e4nniskor genom \u00e5ren. Jag sj\u00e4lv hittade boken om <strong>Mossarnas folk<\/strong> i de tidiga ton\u00e5ren. Den fick mig nog ytterst att v\u00e4lja social linje p\u00e5 gymnasiet som leddet mig till sociologi och socialantropologi p\u00e5 universitetet i Uppsala som ledde mig till Journalisth\u00f6gskolan i Stockholm och sm\u00e5ningom som en sammansm\u00e4lt syntes fick in mig p\u00e5 Corporate Storytelling ur ett tribeperspektiv.<\/p>\n<p>Det \u00e4r faktiskt en biblioteksanknuten skapelseber\u00e4ttelse. Jag tror m\u00e5nga har s\u00e5dana associationer om de backar bandet.<\/p>\n<p>Jag har arbetat med m\u00e5nga bibliotek genom \u00e5ren. De \u00e4r i en stor omvandling men de har inte alltid f\u00f6rm\u00e5gan att ber\u00e4tta om detta f\u00f6r oss som inte vet. D\u00e4rf\u00f6r beh\u00f6vs storytelling. Det \u00e4r inte alltid kommunerna vet om vad de l\u00e4gger ned n\u00e4r de st\u00e4nger biblioteken eller kr\u00e4ver st\u00f6rsta m\u00f6jliga tystnad. <\/p>\n<p>Biblioteken kanske \u00e4r nya vattenh\u00e5l i 2010-talet som exempelvis den h\u00e4r biblioteksmannen ber\u00e4ttade n\u00e4r jag p\u00e5 uppdrag letade stories i \u00d6sterg\u00f6tland:<\/p>\n<p>[wpvideo yvzy4uT5]<\/p>\n","protected":false},"excerpt":{"rendered":"<p>Det har p\u00e5g\u00e5tt en diskussion om folkbiblioteken p\u00e5 senare tid. Bibliotekslagen, nedlagda bibliotek i s\u00e5 kallade utsatta omr\u00e5den, ungdomar som &#8221;tror att det \u00e4r n\u00e5gon j-a v\u00e4rmestuga och som inte kan vara tysta&#8221; etc. Sj\u00e4lv \u00e4r jag \u00f6vertygad om att biblioteken betytt och betyder olika saker f\u00f6r olika m\u00e4nniskor genom \u00e5ren. Jag sj\u00e4lv hittade boken&#8230;<\/p>\n","protected":false},"author":2,"featured_media":0,"comment_status":"open","ping_status":"open","sticky":false,"template":"","format":"standard","meta":[],"categories":[2],"tags":[],"_links":{"self":[{"href":"https:\/\/storytellers.se\/index.php?rest_route=\/wp\/v2\/posts\/4365"}],"collection":[{"href":"https:\/\/storytellers.se\/index.php?rest_route=\/wp\/v2\/posts"}],"about":[{"href":"https:\/\/storytellers.se\/index.php?rest_route=\/wp\/v2\/types\/post"}],"author":[{"embeddable":true,"href":"https:\/\/storytellers.se\/index.php?rest_route=\/wp\/v2\/users\/2"}],"replies":[{"embeddable":true,"href":"https:\/\/storytellers.se\/index.php?rest_route=%2Fwp%2Fv2%2Fcomments&post=4365"}],"version-history":[{"count":0,"href":"https:\/\/storytellers.se\/index.php?rest_route=\/wp\/v2\/posts\/4365\/revisions"}],"wp:attachment":[{"href":"https:\/\/storytellers.se\/index.php?rest_route=%2Fwp%2Fv2%2Fmedia&parent=4365"}],"wp:term":[{"taxonomy":"category","embeddable":true,"href":"https:\/\/storytellers.se\/index.php?rest_route=%2Fwp%2Fv2%2Fcategories&post=4365"},{"taxonomy":"post_tag","embeddable":true,"href":"https:\/\/storytellers.se\/index.php?rest_route=%2Fwp%2Fv2%2Ftags&post=4365"}],"curies":[{"name":"wp","href":"https:\/\/api.w.org\/{rel}","templated":true}]}}