{"id":4351,"date":"2015-05-19T11:48:06","date_gmt":"2015-05-19T09:48:06","guid":{"rendered":"http:\/\/storytellers.se\/?p=4351"},"modified":"2015-05-19T11:48:06","modified_gmt":"2015-05-19T09:48:06","slug":"intervju-infor-kursen-29-maj","status":"publish","type":"post","link":"https:\/\/storytellers.se\/?p=4351","title":{"rendered":"Intervju inf\u00f6r kursen 29 maj"},"content":{"rendered":"<p>Den 29 maj p\u00e5 f\u00f6rmiddagen h\u00e5ller jag en kurs hos Marknadsf\u00f6reningen i Stockholm. Inf\u00f6r den finns en kursbeskrivning och en kort intervju d\u00e4r jag ber\u00e4ttar om n\u00e4r jag blev &#8221;storytellingfr\u00e4lst.&#8221;<\/p>\n<p><a href=\"http:\/\/www.mis.se\/artiklar\/storytellingskungen-basta-storyn-vinner\/#.VVsFYShOETx\">Se h\u00e4r<\/a><\/p>\n","protected":false},"excerpt":{"rendered":"<p>Den 29 maj p\u00e5 f\u00f6rmiddagen h\u00e5ller jag en kurs hos Marknadsf\u00f6reningen i Stockholm. Inf\u00f6r den finns en kursbeskrivning och en kort intervju d\u00e4r jag ber\u00e4ttar om n\u00e4r jag blev &#8221;storytellingfr\u00e4lst.&#8221; Se h\u00e4r<\/p>\n","protected":false},"author":2,"featured_media":0,"comment_status":"open","ping_status":"open","sticky":false,"template":"","format":"standard","meta":[],"categories":[9],"tags":[],"_links":{"self":[{"href":"https:\/\/storytellers.se\/index.php?rest_route=\/wp\/v2\/posts\/4351"}],"collection":[{"href":"https:\/\/storytellers.se\/index.php?rest_route=\/wp\/v2\/posts"}],"about":[{"href":"https:\/\/storytellers.se\/index.php?rest_route=\/wp\/v2\/types\/post"}],"author":[{"embeddable":true,"href":"https:\/\/storytellers.se\/index.php?rest_route=\/wp\/v2\/users\/2"}],"replies":[{"embeddable":true,"href":"https:\/\/storytellers.se\/index.php?rest_route=%2Fwp%2Fv2%2Fcomments&post=4351"}],"version-history":[{"count":0,"href":"https:\/\/storytellers.se\/index.php?rest_route=\/wp\/v2\/posts\/4351\/revisions"}],"wp:attachment":[{"href":"https:\/\/storytellers.se\/index.php?rest_route=%2Fwp%2Fv2%2Fmedia&parent=4351"}],"wp:term":[{"taxonomy":"category","embeddable":true,"href":"https:\/\/storytellers.se\/index.php?rest_route=%2Fwp%2Fv2%2Fcategories&post=4351"},{"taxonomy":"post_tag","embeddable":true,"href":"https:\/\/storytellers.se\/index.php?rest_route=%2Fwp%2Fv2%2Ftags&post=4351"}],"curies":[{"name":"wp","href":"https:\/\/api.w.org\/{rel}","templated":true}]}}