{"id":4345,"date":"2015-04-23T22:19:43","date_gmt":"2015-04-23T20:19:43","guid":{"rendered":"http:\/\/storytellers.se\/?p=4345"},"modified":"2015-04-23T22:19:43","modified_gmt":"2015-04-23T20:19:43","slug":"intervjuad-i-fokus-vast","status":"publish","type":"post","link":"https:\/\/storytellers.se\/?p=4345","title":{"rendered":"Intervjuad i Fokus V\u00e4st"},"content":{"rendered":"<p>I <strong>Fokus V\u00e4sts<\/strong> aprilnummer \u00e4r jag intervjuad. Den n\u00e5r drygt 20.000 f\u00f6retag i V\u00e4stsverige norr om G\u00f6teborg. <a href=\"http:\/\/en.calameo.com\/read\/0028316377167713a84d5\">\u00a0L\u00e4s artikeln digitalt. P\u00e5 uppslaget sidorna 26-27<\/a>.<\/p>\n","protected":false},"excerpt":{"rendered":"<p>I Fokus V\u00e4sts aprilnummer \u00e4r jag intervjuad. Den n\u00e5r drygt 20.000 f\u00f6retag i V\u00e4stsverige norr om G\u00f6teborg. \u00a0L\u00e4s artikeln digitalt. P\u00e5 uppslaget sidorna 26-27.<\/p>\n","protected":false},"author":2,"featured_media":0,"comment_status":"open","ping_status":"open","sticky":false,"template":"","format":"standard","meta":[],"categories":[9],"tags":[],"_links":{"self":[{"href":"https:\/\/storytellers.se\/index.php?rest_route=\/wp\/v2\/posts\/4345"}],"collection":[{"href":"https:\/\/storytellers.se\/index.php?rest_route=\/wp\/v2\/posts"}],"about":[{"href":"https:\/\/storytellers.se\/index.php?rest_route=\/wp\/v2\/types\/post"}],"author":[{"embeddable":true,"href":"https:\/\/storytellers.se\/index.php?rest_route=\/wp\/v2\/users\/2"}],"replies":[{"embeddable":true,"href":"https:\/\/storytellers.se\/index.php?rest_route=%2Fwp%2Fv2%2Fcomments&post=4345"}],"version-history":[{"count":0,"href":"https:\/\/storytellers.se\/index.php?rest_route=\/wp\/v2\/posts\/4345\/revisions"}],"wp:attachment":[{"href":"https:\/\/storytellers.se\/index.php?rest_route=%2Fwp%2Fv2%2Fmedia&parent=4345"}],"wp:term":[{"taxonomy":"category","embeddable":true,"href":"https:\/\/storytellers.se\/index.php?rest_route=%2Fwp%2Fv2%2Fcategories&post=4345"},{"taxonomy":"post_tag","embeddable":true,"href":"https:\/\/storytellers.se\/index.php?rest_route=%2Fwp%2Fv2%2Ftags&post=4345"}],"curies":[{"name":"wp","href":"https:\/\/api.w.org\/{rel}","templated":true}]}}