{"id":4338,"date":"2015-04-07T22:16:26","date_gmt":"2015-04-07T20:16:26","guid":{"rendered":"http:\/\/storytellers.se\/?p=4338"},"modified":"2015-04-07T22:16:26","modified_gmt":"2015-04-07T20:16:26","slug":"nyhetsbrev-97-bli-min-gast-nasta-vecka-och-litet-om-ananaspizzan","status":"publish","type":"post","link":"https:\/\/storytellers.se\/?p=4338","title":{"rendered":"Nyhetsbrev 97: Bli min g\u00e4st n\u00e4sta vecka och litet om ananaspizzan"},"content":{"rendered":"<p><strong><em>Detta nyhetsbrev gick i kv\u00e4ll ut till n\u00e4rmare 3000 prenumeranter. Vill du ocks\u00e5 vara med p\u00e5 s\u00e4ndlistan s\u00e5 anm\u00e4l dig p\u00e5 storytellers.se<\/em><\/strong><\/p>\n<p><strong>Nyhetsbrev 97<\/strong><\/p>\n<p>Hej Storytellingv\u00e4n Detta \u00e4r det nittiosjunde nyhetsbrevet fr\u00e5n <em>Storytellers<\/em>. Du f\u00e5r det f\u00f6r att du bett om det, har varit p\u00e5 mina seminarier eller f\u00f6r att vi har m\u00f6tts, samarbetat eller v\u00e4xlat visitkort.<\/p>\n<p>L\u00e4s l\u00e4ngre ned om mitt \u00f6ppna morgonseminarium nu p\u00e5 tisdag den 14e april. Jag kommer att bjuda p\u00e5 n\u00e5gra sp\u00e4nnande insikter om ber\u00e4ttelsens kraft i arbetslivet. Kul och nyttigt.<\/p>\n<p>Jag som skriver detta och som skrivit de tidigare 96 breven genom \u00e5ren heter <strong>Matts Heijbel<\/strong>. Jag \u00e4r f\u00f6rfattare och journalist med socialantropologisk bakgrund. I 15 \u00e5rs tid har jag envist missionerat f\u00f6r ber\u00e4ttelsernas betydelse i privat, offentlig och ideell verksamhet. I ledarskap, s\u00e4lj, marknadsf\u00f6ring och organisationsutveckling. Jag ser alla organisationer som tribes och flockar med ett uttalat uppdrag i marknadsdjungeln.<\/p>\n<p>++++++++++++++++++++++++++++++++++++++++++++++++++++++++<\/p>\n<p>F\u00f6r en tid sedan var jag anlitad som f\u00f6rel\u00e4sare och workshopledare i en <em>PwC-utbildning<\/em> f\u00f6r toppledare i kommunal verksamhet. En deltagare var ansvarig f\u00f6r maten i en st\u00f6rre kommun. Han ber\u00e4ttade entusiastiskt om hur de vid ett tillf\u00e4lle ordnade grillfest f\u00f6r boende p\u00e5 ett \u00e4ldreboende.<\/p>\n<p>Alla, \u00e4ven r\u00f6relsehindrade, skulle f\u00e5 vara med ute. Verkligen alla, vilket innebar att en del m\u00e4nniskor som inte varit utomhus p\u00e5 l\u00e5ng tid fick andas frisk utomhusluft och dessutom delta i grillfesten. Det gav en tid av blixtrehabilitering av de gamla. En enda grillfest.<\/p>\n<p>D\u00e5 mindes jag, i min tur, en ber\u00e4ttelse som jag hittade i mitt arbete f\u00f6r n\u00e5gra \u00e5r sedan med den v\u00e4stsvenska S<em>kolmatsakademin<\/em>. Telefonen ringde en l\u00f6rdagskv\u00e4ll hemma hos en kvinna som arbetade i skolmatsalen p\u00e5 ett h\u00f6gstadium. Pappan som ringde bad djupt om urs\u00e4kt f\u00f6r att han st\u00f6rde.<\/p>\n<p>Han f\u00f6rstod mycket v\u00e4l att man egentligen inte g\u00f6r s\u00e5. Men han var bara tvungen. Hon var inte s\u00e5 road men undrade f\u00f6rst\u00e5s vad pappan hade p\u00e5 hj\u00e4rtat.<\/p>\n<p>\u2013 Min son som g\u00e5r p\u00e5 er skola fyller \u00e5r i morgon, sa mannen. Och i v\u00e5r familj har vi en tradition att den som fyller \u00e5r f\u00e5r best\u00e4mma precis hur f\u00f6delsedagen ska firas och exakt vad man ska \u00e4ta, in i minsta detalj.<\/p>\n<p>Han ber\u00e4ttade vidare att det enda som sonen nu kunde acceptera som mat var skolans egen ananaspizza. Den var det b\u00e4sta han visste att ha p\u00e5 tallriken. Men hur g\u00f6r man nu denna fantastiska pizza, \u00a0kunde hon m\u00f6jligen ge ett recept och n\u00e5gra r\u00e5d\u2026.?<\/p>\n<p>Pappan fick receptet och n\u00e5gra r\u00e5d. Skolmatskvinnan k\u00e4nde sig b\u00e5de stolt och n\u00f6jd, trots att hon blivit st\u00f6rd p\u00e5 sin fritid.<\/p>\n<p>Enkla h\u00e4ndelsebaserade ber\u00e4ttelser h\u00e4mtade fr\u00e5n verkligheten. Ber\u00e4ttelser som i ett enda slag befolkar ett varum\u00e4rke, visar kompetens och v\u00e4rderingar. Skolmatsber\u00e4ttelsen kan bygga stolthet och ge respekt f\u00f6r en verksamhet som ofta diskuteras av media, f\u00f6r\u00e4ldrar och barn. M\u00e5nga skolor levererar n\u00e4mligen fantastiskt god och uppskattad mat trots magra budgetar.<\/p>\n<p>++++++++++++++++++++++++++++++++++++++++++++++++++++++++<\/p>\n<p>Vill du bli min g\u00e4st i Stockholm den 14 april p\u00e5 morgonen s\u00e5 g\u00e5 in p\u00e5 www.storytellers.se och l\u00e4s n\u00e4r, var och hur och anm\u00e4l dig d\u00e4r. Du f\u00e5r som g\u00e4st h\u00f6ra en rad bra ber\u00e4ttelser och lite resonemang kring <em>storytelling \/ storydoing \/ storylistening \/ storyselling \/ storybuilding <\/em>etc. Du har ocks\u00e5 m\u00f6jlighet att resonera lite kring verktyget och du kan k\u00f6pa min bok Storytelling befolkar varum\u00e4rket, till f\u00f6rlagspris.<\/p>\n<p>++++++++++++++++++++++++++++++++++++++++++++++++++++++++<\/p>\n<p>Jag som skrev dessa rader heter Matts Heijbel. Om du inte vill vara med i s\u00e4ndlistan l\u00e4ngre s\u00e5 kan du v\u00e4nda det med ett: Nej tack! S\u00e5 tar vi bort dig. Vill du veta mer om \u00e4mnet eller ha hj\u00e4lp att sj\u00e4lv s\u00f6ka, finna och sk\u00f6rda de ber\u00e4ttelser som befolkar ditt varum\u00e4rke s\u00e5 kan du kontakta mig.<\/p>\n<p>Jag har en idiots\u00e4ker metod d\u00e4r jag kan garantera en f\u00f6rsta sk\u00f6rd p\u00e5 en halvdag. Du kan ocks\u00e5 l\u00e4sa mer om det p\u00e5 www.storytellers.se<\/p>\n<p>H\u00e4lsn Matts Heijbel<\/p>\n<p>Gr\u00f6dinge \/ Stockholm 7 april 2015<\/p>\n","protected":false},"excerpt":{"rendered":"<p>Detta nyhetsbrev gick i kv\u00e4ll ut till n\u00e4rmare 3000 prenumeranter. Vill du ocks\u00e5 vara med p\u00e5 s\u00e4ndlistan s\u00e5 anm\u00e4l dig p\u00e5 storytellers.se Nyhetsbrev 97 Hej Storytellingv\u00e4n Detta \u00e4r det nittiosjunde nyhetsbrevet fr\u00e5n Storytellers. Du f\u00e5r det f\u00f6r att du bett om det, har varit p\u00e5 mina seminarier eller f\u00f6r att vi har m\u00f6tts, samarbetat eller&#8230;<\/p>\n","protected":false},"author":2,"featured_media":0,"comment_status":"open","ping_status":"open","sticky":false,"template":"","format":"standard","meta":[],"categories":[8],"tags":[],"_links":{"self":[{"href":"https:\/\/storytellers.se\/index.php?rest_route=\/wp\/v2\/posts\/4338"}],"collection":[{"href":"https:\/\/storytellers.se\/index.php?rest_route=\/wp\/v2\/posts"}],"about":[{"href":"https:\/\/storytellers.se\/index.php?rest_route=\/wp\/v2\/types\/post"}],"author":[{"embeddable":true,"href":"https:\/\/storytellers.se\/index.php?rest_route=\/wp\/v2\/users\/2"}],"replies":[{"embeddable":true,"href":"https:\/\/storytellers.se\/index.php?rest_route=%2Fwp%2Fv2%2Fcomments&post=4338"}],"version-history":[{"count":0,"href":"https:\/\/storytellers.se\/index.php?rest_route=\/wp\/v2\/posts\/4338\/revisions"}],"wp:attachment":[{"href":"https:\/\/storytellers.se\/index.php?rest_route=%2Fwp%2Fv2%2Fmedia&parent=4338"}],"wp:term":[{"taxonomy":"category","embeddable":true,"href":"https:\/\/storytellers.se\/index.php?rest_route=%2Fwp%2Fv2%2Fcategories&post=4338"},{"taxonomy":"post_tag","embeddable":true,"href":"https:\/\/storytellers.se\/index.php?rest_route=%2Fwp%2Fv2%2Ftags&post=4338"}],"curies":[{"name":"wp","href":"https:\/\/api.w.org\/{rel}","templated":true}]}}