{"id":4333,"date":"2015-03-22T14:41:18","date_gmt":"2015-03-22T13:41:18","guid":{"rendered":"http:\/\/storytellers.se\/?p=4333"},"modified":"2015-03-22T14:41:18","modified_gmt":"2015-03-22T13:41:18","slug":"skorda-kulturkapitalet","status":"publish","type":"post","link":"https:\/\/storytellers.se\/?p=4333","title":{"rendered":"Sk\u00f6rda kulturkapitalet"},"content":{"rendered":"<p>Alla folkgrupper, flockar och tribes h\u00e5lls samman av en delad tanke och v\u00e4rdering. Dessa tankar och v\u00e4rderingar uttrycks och b\u00e4rs av relevanta ber\u00e4ttelser som attraherar nya medlemmar ( rekrytering ) och som \u00f6ver f\u00f6r kunskap ( kompetensutveckling ) och visar meningen ( organisationsutveckling ) med att man finns.<\/p>\n<p>Dessa ber\u00e4ttelser utg\u00f6r ett kulturkapital som \u00e4r absolut n\u00f6dv\u00e4ndigt, inte bara f\u00f6r \u00f6verlevnad utan ocks\u00e5 f\u00f6r framg\u00e5ng.<\/p>\n<p>Om vi tror p\u00e5 detta resonemang \u00e4r det bara att b\u00f6rja sk\u00f6rda och bygga sanna och relevanta ber\u00e4ttelser som g\u00f6r att triben och de som anv\u00e4nder varorna och tj\u00e4nsterna blir motiverade.<\/p>\n<p>Lyssna in och bygg en repertoar och anv\u00e4nd den vid l\u00e4gereldarna som vid m\u00f6ten, fikarum, kaffeapparater, lunchrum och framf\u00f6rallt sociala media som i praktiken bl a \u00e4r cirka en miljard l\u00e4gereldar p\u00e5 Facebook.<\/p>\n<p>Det finns i den mogna organisationens dialog lyssnare, ber\u00e4ttare och en repertoar av ber\u00e4ttelser. Vilka vill vi dela ber\u00e4ttelser med? Och n\u00e4r och var och hur? Vilka ber\u00e4ttelser beh\u00f6ver delas vid olika specifika tillf\u00e4llen.<\/p>\n","protected":false},"excerpt":{"rendered":"<p>Alla folkgrupper, flockar och tribes h\u00e5lls samman av en delad tanke och v\u00e4rdering. Dessa tankar och v\u00e4rderingar uttrycks och b\u00e4rs av relevanta ber\u00e4ttelser som attraherar nya medlemmar ( rekrytering ) och som \u00f6ver f\u00f6r kunskap ( kompetensutveckling ) och visar meningen ( organisationsutveckling ) med att man finns. Dessa ber\u00e4ttelser utg\u00f6r ett kulturkapital som \u00e4r&#8230;<\/p>\n","protected":false},"author":2,"featured_media":0,"comment_status":"open","ping_status":"open","sticky":false,"template":"","format":"standard","meta":[],"categories":[2],"tags":[],"_links":{"self":[{"href":"https:\/\/storytellers.se\/index.php?rest_route=\/wp\/v2\/posts\/4333"}],"collection":[{"href":"https:\/\/storytellers.se\/index.php?rest_route=\/wp\/v2\/posts"}],"about":[{"href":"https:\/\/storytellers.se\/index.php?rest_route=\/wp\/v2\/types\/post"}],"author":[{"embeddable":true,"href":"https:\/\/storytellers.se\/index.php?rest_route=\/wp\/v2\/users\/2"}],"replies":[{"embeddable":true,"href":"https:\/\/storytellers.se\/index.php?rest_route=%2Fwp%2Fv2%2Fcomments&post=4333"}],"version-history":[{"count":0,"href":"https:\/\/storytellers.se\/index.php?rest_route=\/wp\/v2\/posts\/4333\/revisions"}],"wp:attachment":[{"href":"https:\/\/storytellers.se\/index.php?rest_route=%2Fwp%2Fv2%2Fmedia&parent=4333"}],"wp:term":[{"taxonomy":"category","embeddable":true,"href":"https:\/\/storytellers.se\/index.php?rest_route=%2Fwp%2Fv2%2Fcategories&post=4333"},{"taxonomy":"post_tag","embeddable":true,"href":"https:\/\/storytellers.se\/index.php?rest_route=%2Fwp%2Fv2%2Ftags&post=4333"}],"curies":[{"name":"wp","href":"https:\/\/api.w.org\/{rel}","templated":true}]}}