{"id":4330,"date":"2015-03-21T10:38:24","date_gmt":"2015-03-21T09:38:24","guid":{"rendered":"http:\/\/storytellers.se\/?p=4330"},"modified":"2015-03-21T10:38:24","modified_gmt":"2015-03-21T09:38:24","slug":"nar-storyn-bli-inaktuell","status":"publish","type":"post","link":"https:\/\/storytellers.se\/?p=4330","title":{"rendered":"N\u00e4r storyn blir inaktuell"},"content":{"rendered":"<p><strong>Fr\u00e5ga:<\/strong><\/p>\n<p>Vad g\u00f6r man om en story k\u00e4nns inaktuell och inte passar l\u00e4ngre?<\/p>\n<p><strong>Svar:<\/strong><\/p>\n<p>F\u00f6r mig \u00e4r det viktigt att Corporate Storytelling ska vara h\u00e4ndelsebaserad. Storyn ska ber\u00e4tta om n\u00e5got som h\u00e4nt och som b\u00e4r fram ett budskap om varum\u00e4rket eller verksamheten ur ett medarbetar\/kund\/brukar\/\u00e4garperspektiv.<\/p>\n<p>Om man arbetar p\u00e5 det s\u00e4ttet kan f\u00f6rst\u00e5s en story k\u00e4nnas inaktuell men det har ju fortfarande h\u00e4nt. I f\u00f6r\u00e4ndringsprocesser \u00e4r det n\u00e4stan sj\u00e4lvklart att ber\u00e4ttelsen g\u00e5r fr\u00e5n nu till d\u00e5. Den blir helt enkelt en del av historieskrivningen om den handlar om verkliga h\u00e4ndelser.<\/p>\n<p>Det kan man inte alltid s\u00e4ga om diverse reklamkampanjer som diktar verklighet eller bygger p\u00e5 samtidens humor och ironi. De kan ibland k\u00e4nnas b\u00e5de pinsamma och gamla i backspegeln.<\/p>\n<p>Bra Corporate Storytelling kan allts\u00e5 ha l\u00e5ng livsl\u00e4ngd och faktiskt bekr\u00e4fta utveckling och f\u00f6r\u00e4ndring. D\u00e5 blir den inte inaktuell utan den kan ses helt enkelt i ett annat perspektiv med tiden.<\/p>\n","protected":false},"excerpt":{"rendered":"<p>Fr\u00e5ga: Vad g\u00f6r man om en story k\u00e4nns inaktuell och inte passar l\u00e4ngre? Svar: F\u00f6r mig \u00e4r det viktigt att Corporate Storytelling ska vara h\u00e4ndelsebaserad. Storyn ska ber\u00e4tta om n\u00e5got som h\u00e4nt och som b\u00e4r fram ett budskap om varum\u00e4rket eller verksamheten ur ett medarbetar\/kund\/brukar\/\u00e4garperspektiv. Om man arbetar p\u00e5 det s\u00e4ttet kan f\u00f6rst\u00e5s en story&#8230;<\/p>\n","protected":false},"author":2,"featured_media":0,"comment_status":"open","ping_status":"open","sticky":false,"template":"","format":"standard","meta":[],"categories":[6],"tags":[],"_links":{"self":[{"href":"https:\/\/storytellers.se\/index.php?rest_route=\/wp\/v2\/posts\/4330"}],"collection":[{"href":"https:\/\/storytellers.se\/index.php?rest_route=\/wp\/v2\/posts"}],"about":[{"href":"https:\/\/storytellers.se\/index.php?rest_route=\/wp\/v2\/types\/post"}],"author":[{"embeddable":true,"href":"https:\/\/storytellers.se\/index.php?rest_route=\/wp\/v2\/users\/2"}],"replies":[{"embeddable":true,"href":"https:\/\/storytellers.se\/index.php?rest_route=%2Fwp%2Fv2%2Fcomments&post=4330"}],"version-history":[{"count":0,"href":"https:\/\/storytellers.se\/index.php?rest_route=\/wp\/v2\/posts\/4330\/revisions"}],"wp:attachment":[{"href":"https:\/\/storytellers.se\/index.php?rest_route=%2Fwp%2Fv2%2Fmedia&parent=4330"}],"wp:term":[{"taxonomy":"category","embeddable":true,"href":"https:\/\/storytellers.se\/index.php?rest_route=%2Fwp%2Fv2%2Fcategories&post=4330"},{"taxonomy":"post_tag","embeddable":true,"href":"https:\/\/storytellers.se\/index.php?rest_route=%2Fwp%2Fv2%2Ftags&post=4330"}],"curies":[{"name":"wp","href":"https:\/\/api.w.org\/{rel}","templated":true}]}}