{"id":4325,"date":"2015-03-20T15:48:21","date_gmt":"2015-03-20T14:48:21","guid":{"rendered":"http:\/\/storytellers.se\/?p=4325"},"modified":"2015-03-20T15:48:21","modified_gmt":"2015-03-20T14:48:21","slug":"som-fisken-i-vattnet","status":"publish","type":"post","link":"https:\/\/storytellers.se\/?p=4325","title":{"rendered":"Som fisken i vattnet"},"content":{"rendered":"<p>M\u00e5nga h\u00e4vdar att h\u00e5rda fakta och strikta data \u00e4r fullt tillr\u00e4ckliga n\u00e4r man kommunicerar, att det m\u00e4tbara talar f\u00f6r sig sj\u00e4lvt och att fakta i sig r\u00e4cker v\u00e4l. De menar att storytelling \u00e4r alldeles f\u00f6r mjukt och sv\u00e5rkontrollerat n\u00e4r man ska kommunicera f\u00f6r att n\u00e5 insikt, f\u00f6r\u00e4ndring och utveckling.<\/p>\n<p>Men den m\u00e4nniska som tar emot dessa l\u00f6sryckta fakta drar dem helt naturligt direkt genom sin erfarenhetsbank som best\u00e5r av en m\u00e4ngd ber\u00e4ttelser. Varje m\u00e4nniska har n\u00e4mligen redan i sig ett arkiv av ber\u00e4ttelser som hon anv\u00e4nder f\u00f6r att kunna relatera till ny information, nya fakta.<\/p>\n<p>D\u00e4rf\u00f6r \u00e4r det b\u00e4sta att faktarapport\u00f6ren redan fr\u00e5n b\u00f6rjan b\u00e4ddar in siffrorna i en relevant ber\u00e4ttelse d\u00e4r h\u00e5rdfakta f\u00e5r en mening och speglas mot verkligheten. L\u00e5t d\u00e4rf\u00f6r statistik och fakta bada i ett relevant sammanhang som l\u00e5ter sig ber\u00e4ttas. Leverera aldrig h\u00e5rdfakta utan den v\u00e4l valda storyn som visar meningen med dessa fakta.<\/p>\n<p>H\u00e5rddata beh\u00f6ver detta bad. S\u00e5 som fisken beh\u00f6ver sitt vatten f\u00f6r att vara fisk.<\/p>\n<p>Det ins\u00e5g ocks\u00e5 statistik- och analysexperten som beslutade sig f\u00f6r att inte bara redovisa utan att samtidigt ber\u00e4tta:<\/p>\n<p>[wpvideo JsckBdd7]<\/p>\n","protected":false},"excerpt":{"rendered":"<p>M\u00e5nga h\u00e4vdar att h\u00e5rda fakta och strikta data \u00e4r fullt tillr\u00e4ckliga n\u00e4r man kommunicerar, att det m\u00e4tbara talar f\u00f6r sig sj\u00e4lvt och att fakta i sig r\u00e4cker v\u00e4l. De menar att storytelling \u00e4r alldeles f\u00f6r mjukt och sv\u00e5rkontrollerat n\u00e4r man ska kommunicera f\u00f6r att n\u00e5 insikt, f\u00f6r\u00e4ndring och utveckling. Men den m\u00e4nniska som tar emot&#8230;<\/p>\n","protected":false},"author":2,"featured_media":0,"comment_status":"open","ping_status":"open","sticky":false,"template":"","format":"standard","meta":[],"categories":[2],"tags":[],"_links":{"self":[{"href":"https:\/\/storytellers.se\/index.php?rest_route=\/wp\/v2\/posts\/4325"}],"collection":[{"href":"https:\/\/storytellers.se\/index.php?rest_route=\/wp\/v2\/posts"}],"about":[{"href":"https:\/\/storytellers.se\/index.php?rest_route=\/wp\/v2\/types\/post"}],"author":[{"embeddable":true,"href":"https:\/\/storytellers.se\/index.php?rest_route=\/wp\/v2\/users\/2"}],"replies":[{"embeddable":true,"href":"https:\/\/storytellers.se\/index.php?rest_route=%2Fwp%2Fv2%2Fcomments&post=4325"}],"version-history":[{"count":0,"href":"https:\/\/storytellers.se\/index.php?rest_route=\/wp\/v2\/posts\/4325\/revisions"}],"wp:attachment":[{"href":"https:\/\/storytellers.se\/index.php?rest_route=%2Fwp%2Fv2%2Fmedia&parent=4325"}],"wp:term":[{"taxonomy":"category","embeddable":true,"href":"https:\/\/storytellers.se\/index.php?rest_route=%2Fwp%2Fv2%2Fcategories&post=4325"},{"taxonomy":"post_tag","embeddable":true,"href":"https:\/\/storytellers.se\/index.php?rest_route=%2Fwp%2Fv2%2Ftags&post=4325"}],"curies":[{"name":"wp","href":"https:\/\/api.w.org\/{rel}","templated":true}]}}