{"id":4321,"date":"2015-03-09T20:59:15","date_gmt":"2015-03-09T19:59:15","guid":{"rendered":"http:\/\/storytellers.se\/?p=4321"},"modified":"2015-03-09T20:59:15","modified_gmt":"2015-03-09T19:59:15","slug":"den-som-inte-berattar-dor","status":"publish","type":"post","link":"https:\/\/storytellers.se\/?p=4321","title":{"rendered":"Den som inte ber\u00e4ttar d\u00f6r"},"content":{"rendered":"<p>\u2013 Det handlar om n\u00e5got s\u00e5 sj\u00e4lvklart och ursprungligt som att ber\u00e4tta historier, s\u00e4ger <strong>Matts Heijbel<\/strong>. M\u00e4nniskan har \u00e4gnat sig \u00e5t ber\u00e4ttande sedan vi l\u00e4rde oss t\u00e4mja elden. Detta s\u00e4tt att skapa gemenskap \u00e4r en av de viktigaste f\u00f6rklaringarna till att vi skapat samh\u00e4llen och kulturer. Det \u00e4r en drivkraft i oss alla. Om vi inte f\u00e5r ber\u00e4tta blir vi sjuka. Vi d\u00f6r.<\/p>\n<p>S\u00e5 citerar <strong>Gunnar von Sydow<\/strong> mig i en artkel hos Infogymmet. <a href=\"http:\/\/infogymmet.se\/den-dor-som-inte-berattar\/\">L\u00e4s sj\u00e4lv h\u00e4r<\/a>.<\/p>\n","protected":false},"excerpt":{"rendered":"<p>\u2013 Det handlar om n\u00e5got s\u00e5 sj\u00e4lvklart och ursprungligt som att ber\u00e4tta historier, s\u00e4ger Matts Heijbel. M\u00e4nniskan har \u00e4gnat sig \u00e5t ber\u00e4ttande sedan vi l\u00e4rde oss t\u00e4mja elden. Detta s\u00e4tt att skapa gemenskap \u00e4r en av de viktigaste f\u00f6rklaringarna till att vi skapat samh\u00e4llen och kulturer. Det \u00e4r en drivkraft i oss alla. Om vi&#8230;<\/p>\n","protected":false},"author":2,"featured_media":0,"comment_status":"open","ping_status":"open","sticky":false,"template":"","format":"standard","meta":[],"categories":[3],"tags":[],"_links":{"self":[{"href":"https:\/\/storytellers.se\/index.php?rest_route=\/wp\/v2\/posts\/4321"}],"collection":[{"href":"https:\/\/storytellers.se\/index.php?rest_route=\/wp\/v2\/posts"}],"about":[{"href":"https:\/\/storytellers.se\/index.php?rest_route=\/wp\/v2\/types\/post"}],"author":[{"embeddable":true,"href":"https:\/\/storytellers.se\/index.php?rest_route=\/wp\/v2\/users\/2"}],"replies":[{"embeddable":true,"href":"https:\/\/storytellers.se\/index.php?rest_route=%2Fwp%2Fv2%2Fcomments&post=4321"}],"version-history":[{"count":0,"href":"https:\/\/storytellers.se\/index.php?rest_route=\/wp\/v2\/posts\/4321\/revisions"}],"wp:attachment":[{"href":"https:\/\/storytellers.se\/index.php?rest_route=%2Fwp%2Fv2%2Fmedia&parent=4321"}],"wp:term":[{"taxonomy":"category","embeddable":true,"href":"https:\/\/storytellers.se\/index.php?rest_route=%2Fwp%2Fv2%2Fcategories&post=4321"},{"taxonomy":"post_tag","embeddable":true,"href":"https:\/\/storytellers.se\/index.php?rest_route=%2Fwp%2Fv2%2Ftags&post=4321"}],"curies":[{"name":"wp","href":"https:\/\/api.w.org\/{rel}","templated":true}]}}