{"id":4311,"date":"2015-03-04T13:08:01","date_gmt":"2015-03-04T12:08:01","guid":{"rendered":"http:\/\/storytellers.se\/?p=4311"},"modified":"2015-03-04T13:08:01","modified_gmt":"2015-03-04T12:08:01","slug":"nej-organisationsberattarna-ar-inte-termiter","status":"publish","type":"post","link":"https:\/\/storytellers.se\/?p=4311","title":{"rendered":"Nej, organisationsber\u00e4ttarna \u00e4r inte termiter!!!"},"content":{"rendered":"<p>I <em>Svenska Dagbladet <\/em> den 3 mars, i en understreckare med den redaktionella rubriken <em><strong>Reklam parasiterar p\u00e5 v\u00e5rt f\u00f6rtroende<\/strong><\/em>, citerar professor <strong>Merete Mazzarella<\/strong> fr\u00e5n <em>Helsingfors universitet<\/em> litteraturvetaren <strong>Andreas \u00c5berg<\/strong> n\u00e4r \u00c5berg\u00a0s\u00e4ger: \u201d<em>Ber\u00e4ttandet som marknadsf\u00f6ringsstrategi \u00e4r termiter som l\u00e5ngsamt gnager s\u00f6nder ber\u00e4ttarkonstens hela id\u00e9.<\/em>\u201d<\/p>\n<p>S\u00e5 ber\u00e4ttarkonstens id\u00e9 st\u00f6rs allts\u00e5 av att de miljoner och \u00e5ter miljoner m\u00e4nniskor som varje vecka s\u00e4ljer 40 timmar av sin vakna tid ber\u00e4ttar om vad de g\u00f6r, var de finns, vad de vill och vad de kan?<\/p>\n<p>Det \u00e4r inte professorn sj\u00e4lv som s\u00e4ger orden men hennes artikel om Corporate Storytelling, delvis med utg\u00e5ngspunkt i <strong>Hanna Sofia Rehnbergs <\/strong> doktorsavhandling, andas skepsis till det som kallas <em>Corporate Storytelling<\/em>.<\/p>\n<p>Jag m\u00e5ste f\u00f6rst\u00e5s reagera eftersom jag tycker det \u00e4r helt naturligt och vackert att m\u00e4nniskan och hennes organisationer kommunicerar. Den som inte lyssnar och ber\u00e4ttar finns ju inte. Den isolerade m\u00e4nniskan klingar helt enkelt av liksom den tysta organisationen. Det \u00e4r som en naturlag.<\/p>\n<p>Organisationer \u00e4r helt enkelt m\u00e4nniskor i samarbete och de beh\u00f6ver f\u00f6rst\u00e5s s\u00f6ka ber\u00e4ttelser f\u00f6r att visa att de finns och f\u00f6rst\u00e5 vad de h\u00e5ller p\u00e5 med. V\u00e4rderingar beh\u00f6ver speglas precis som folken p\u00e5 Afrikas horn eller i Sydamerikas djungler beh\u00f6ver spegla dem i sin folklore. Och medarbetarna p\u00e5 f\u00f6rskolan Bl\u00e5sippan.<\/p>\n<p>Corporate Storytelling \u00e4r <em>p\u00e5 riktigt<\/em>, man kan exempelvis till och med studera \u00e4mnet p\u00e5 <em>Harvard<\/em>. Att f\u00f6rs\u00f6ka f\u00f6rminska och f\u00f6rl\u00f6jliga att dagens moderna flockar och tribes liksom deras f\u00f6ljare beh\u00f6ver ber\u00e4ttelser f\u00f6r att visa var de kommer i fr\u00e5n, vart de befinner sig och vart de \u00e4r p\u00e5 v\u00e4g \u00e4r inte bara l\u00f6jligt utan \u00f6versittaraktigt och n\u00e4stan elakt.<\/p>\n<p>Jag tycker att m\u00e4nniskan ska s\u00f6ka, finna och sk\u00f6rda sina ber\u00e4ttelser. Det ger inneh\u00e5ll och b\u00e4ddar f\u00f6r \u00f6verlevnad och framg\u00e5ng nu som i alla tider eftersom m\u00e4nniskan fortfarande \u00e4r ett ber\u00e4ttande djur. S\u00e5 har det alltid varit vid l\u00e4gereldarna i alla tider och s\u00e5 \u00e4r det i dag vare sig l\u00e4gerelden \u00e4r vid \u00e4lven, vid kaffeapparaten eller p\u00e5 facebook.<\/p>\n<p>S\u00e5 h\u00e4r skriver <a href=\"http:\/\/sv.wikipedia.org\/wiki\/Merete_Mazzarella\">Merete Mazzarella<\/a> i sin annars mycket intressanta artikel i <a href=\"http:\/\/www.svd.se\/kultur\/understrecket\/reklam-parasiterar-pa-vart-fortroende_4375849.svd\">Svenska Dagbladet<\/a>.<\/p>\n<p>Forts\u00e4tt att ber\u00e4tta dig och din organisation in i framtiden. \u00c4ven om du jobbar i en kommun eller i en kyrka. Ber\u00e4tta f\u00f6r <em>dem du k\u00e4nner<\/em> (ordet kund kommer fr\u00e5n l\u00e5gtyskans kunde och betyder just <em>den du k\u00e4nner<\/em>).<\/p>\n","protected":false},"excerpt":{"rendered":"<p>I Svenska Dagbladet den 3 mars, i en understreckare med den redaktionella rubriken Reklam parasiterar p\u00e5 v\u00e5rt f\u00f6rtroende, citerar professor Merete Mazzarella fr\u00e5n Helsingfors universitet litteraturvetaren Andreas \u00c5berg n\u00e4r \u00c5berg\u00a0s\u00e4ger: \u201dBer\u00e4ttandet som marknadsf\u00f6ringsstrategi \u00e4r termiter som l\u00e5ngsamt gnager s\u00f6nder ber\u00e4ttarkonstens hela id\u00e9.\u201d S\u00e5 ber\u00e4ttarkonstens id\u00e9 st\u00f6rs allts\u00e5 av att de miljoner och \u00e5ter miljoner m\u00e4nniskor&#8230;<\/p>\n","protected":false},"author":2,"featured_media":0,"comment_status":"closed","ping_status":"closed","sticky":false,"template":"","format":"standard","meta":[],"categories":[3],"tags":[],"_links":{"self":[{"href":"https:\/\/storytellers.se\/index.php?rest_route=\/wp\/v2\/posts\/4311"}],"collection":[{"href":"https:\/\/storytellers.se\/index.php?rest_route=\/wp\/v2\/posts"}],"about":[{"href":"https:\/\/storytellers.se\/index.php?rest_route=\/wp\/v2\/types\/post"}],"author":[{"embeddable":true,"href":"https:\/\/storytellers.se\/index.php?rest_route=\/wp\/v2\/users\/2"}],"replies":[{"embeddable":true,"href":"https:\/\/storytellers.se\/index.php?rest_route=%2Fwp%2Fv2%2Fcomments&post=4311"}],"version-history":[{"count":0,"href":"https:\/\/storytellers.se\/index.php?rest_route=\/wp\/v2\/posts\/4311\/revisions"}],"wp:attachment":[{"href":"https:\/\/storytellers.se\/index.php?rest_route=%2Fwp%2Fv2%2Fmedia&parent=4311"}],"wp:term":[{"taxonomy":"category","embeddable":true,"href":"https:\/\/storytellers.se\/index.php?rest_route=%2Fwp%2Fv2%2Fcategories&post=4311"},{"taxonomy":"post_tag","embeddable":true,"href":"https:\/\/storytellers.se\/index.php?rest_route=%2Fwp%2Fv2%2Ftags&post=4311"}],"curies":[{"name":"wp","href":"https:\/\/api.w.org\/{rel}","templated":true}]}}