{"id":4307,"date":"2015-02-20T11:25:13","date_gmt":"2015-02-20T10:25:13","guid":{"rendered":"http:\/\/storytellers.se\/?p=4307"},"modified":"2015-02-20T11:25:13","modified_gmt":"2015-02-20T10:25:13","slug":"vad-var-det-som-hande-2","status":"publish","type":"post","link":"https:\/\/storytellers.se\/?p=4307","title":{"rendered":"Vad var det som h\u00e4nde?"},"content":{"rendered":"<p>N\u00e4r jag inbjuden till olika f\u00f6retag och organisationer har mina seminarier, workshops och sk\u00f6rdefester s\u00e5 \u00e4lskar jag att st\u00e4lla dessa fr\u00e5gor: <strong><em>Vad var det som h\u00e4nde? Varf\u00f6r \u00e4r du h\u00e4r?<\/em><\/strong><\/p>\n<p>Jag \u00e4r d\u00e5 ute efter den enskildes f\u00f6rh\u00e5llande till en organisation eller vara eller tj\u00e4nst. Det visar sig d\u00e5 att vi alla b\u00e4r delar av den st\u00f6rre ber\u00e4ttelsen kring ett varum\u00e4rke.<\/p>\n<p>Sj\u00e4lv l\u00e4ste jag p\u00e5 70-talet in en examen i socialantropolgi, sociologi och etnologi bara f\u00f6r att jag tyckte det var s\u00e5 vansinnigt intressant, speciellt med socialantropologi. Jag reflekterade faktiskt inte \u00f6ver vart den utbildningen skulle leda mig och om man \u00f6ver huvudtaget kunde arbeta som socialantropolog som svensk hetro medelklass. Fanns det \u00f6verhuvudtaget n\u00e5gra jobb att s\u00f6ka som antropolog?<\/p>\n<p>Jag utbildade mig d\u00e4rf\u00f6r f\u00f6r s\u00e4kerhets skull ocks\u00e5 till journalist som en andra examen och d\u00e5 <em>blev jag n\u00e5got<\/em>. Jag blev journalist och l\u00e4rare i journalistik.<\/p>\n<p>M\u00e5nga \u00e5r senare efter tusentals artiklar och en rad b\u00f6cker s\u00e5 m\u00e4rkte jag att socialantropologen i mig vaknade och levde upp. Jag s\u00e5g f\u00f6retag och organisationer som flockar, grupper och tribes. Jag f\u00f6rstod att deras kulturer bars av ber\u00e4ttelser och att dessa ber\u00e4ttelser var framg\u00e5ngsfaktorer f\u00f6r att utveckla organisationer och bli framg\u00e5ngsrika som f\u00f6retag. Helt sj\u00e4lvklart. Rena rama naturlagen.<\/p>\n<p>Det kallas Corporate Storytelling n\u00e4r man tar tag strategiskt i denna insikt och detta verktyg. En av aspekterna \u00e4r att fr\u00e5ga den enskilde om hens magiska \u00f6gonblick och spr\u00e5ng. <em><strong>Vad var det som h\u00e4nde?<\/strong> <\/em>En del av dessa ber\u00e4ttelser kan bidra till att emotionalisera varum\u00e4rket. D\u00e5 \u00e4r det ocks\u00e5 kul att p\u00e5minna sig om\u00a0<strong>Steve Jobs<\/strong> Stanfordf\u00f6rel\u00e4sning d\u00e4r han ser tre h\u00e4ndelser i det liv han levt som la grunden f\u00f6r hans framg\u00e5ngar med Apple. H\u00e4r \u00e4r den:<\/p>\n<p><iframe loading=\"lazy\" title=\"Steve Jobs&#039; 2005 Stanford Commencement Address\" width=\"700\" height=\"525\" src=\"https:\/\/www.youtube.com\/embed\/UF8uR6Z6KLc?feature=oembed\" frameborder=\"0\" allow=\"accelerometer; autoplay; clipboard-write; encrypted-media; gyroscope; picture-in-picture; web-share\" allowfullscreen><\/iframe><\/p>\n","protected":false},"excerpt":{"rendered":"<p>N\u00e4r jag inbjuden till olika f\u00f6retag och organisationer har mina seminarier, workshops och sk\u00f6rdefester s\u00e5 \u00e4lskar jag att st\u00e4lla dessa fr\u00e5gor: Vad var det som h\u00e4nde? Varf\u00f6r \u00e4r du h\u00e4r? Jag \u00e4r d\u00e5 ute efter den enskildes f\u00f6rh\u00e5llande till en organisation eller vara eller tj\u00e4nst. Det visar sig d\u00e5 att vi alla b\u00e4r delar av&#8230;<\/p>\n","protected":false},"author":2,"featured_media":0,"comment_status":"closed","ping_status":"closed","sticky":false,"template":"","format":"standard","meta":[],"categories":[3],"tags":[],"_links":{"self":[{"href":"https:\/\/storytellers.se\/index.php?rest_route=\/wp\/v2\/posts\/4307"}],"collection":[{"href":"https:\/\/storytellers.se\/index.php?rest_route=\/wp\/v2\/posts"}],"about":[{"href":"https:\/\/storytellers.se\/index.php?rest_route=\/wp\/v2\/types\/post"}],"author":[{"embeddable":true,"href":"https:\/\/storytellers.se\/index.php?rest_route=\/wp\/v2\/users\/2"}],"replies":[{"embeddable":true,"href":"https:\/\/storytellers.se\/index.php?rest_route=%2Fwp%2Fv2%2Fcomments&post=4307"}],"version-history":[{"count":0,"href":"https:\/\/storytellers.se\/index.php?rest_route=\/wp\/v2\/posts\/4307\/revisions"}],"wp:attachment":[{"href":"https:\/\/storytellers.se\/index.php?rest_route=%2Fwp%2Fv2%2Fmedia&parent=4307"}],"wp:term":[{"taxonomy":"category","embeddable":true,"href":"https:\/\/storytellers.se\/index.php?rest_route=%2Fwp%2Fv2%2Fcategories&post=4307"},{"taxonomy":"post_tag","embeddable":true,"href":"https:\/\/storytellers.se\/index.php?rest_route=%2Fwp%2Fv2%2Ftags&post=4307"}],"curies":[{"name":"wp","href":"https:\/\/api.w.org\/{rel}","templated":true}]}}