{"id":4286,"date":"2015-02-09T08:32:23","date_gmt":"2015-02-09T07:32:23","guid":{"rendered":"http:\/\/storytellers.se\/?p=4286"},"modified":"2015-02-09T08:32:23","modified_gmt":"2015-02-09T07:32:23","slug":"bli-min-gast-12-februari","status":"publish","type":"post","link":"https:\/\/storytellers.se\/?p=4286","title":{"rendered":"Bli min g\u00e4st 12 februari"},"content":{"rendered":"<p>Har du funderat \u00f6ver hur du skulle kunna anv\u00e4nda Storytelling i din organisation? Eller vill du bara ha en f\u00f6rsta reflektion? Kom d\u00e5 och f\u00e5 en liten genomk\u00f6rare hos mig den 12 februari p\u00e5 ett av mina kostnadsfria morgonseminarier. Jag bjuder p\u00e5 kaffe, te och kanske lite godis eller n\u00e5got annat och ber\u00e4ttar om vad 15 \u00e5r har l\u00e4rt mig om arbetet med Storytelling i och om organisationer. Gratis allts\u00e5, men jag vill att den som anm\u00e4lt sig verkligen kommer s\u00e5 att det inte hindrar n\u00e5gon annan.<\/p>\n<p>Det b\u00f6rjar med mingel 08.30. Sedan ber\u00e4ttar jag om olika aspekter p\u00e5 storytelling och visar lite filmklipp och annat mellan kl 09.00 \u2013 10.00. Efter det finns det m\u00f6jlighet till lite eftersnack f\u00f6r den som vill. Du kan k\u00f6pa den nytryckta tredje upplagan av min bok Storytelling befolkar varum\u00e4rket till f\u00f6rlagspris om du vill. Du tar d\u00e5 med dig en bok och f\u00f6rlaget skickar faktura.<\/p>\n<p>Om du vill vara med s\u00e5 mejlar du till matts@storytellers.se och skriver 12 februari i rubrikraden.<br \/>\nJag vill g\u00e4rna veta lite vem du \u00e4r, var du jobbar och varf\u00f6r du vill komma. Det hela \u00e4r p\u00e5 K22, Krukmakargatan 22 p\u00e5 S\u00f6der i Stockholm, jag \u00e5terkommer sen med detaljer som portkoder och s\u00e5nt till dig som anm\u00e4lt att du kommer.<\/p>\n","protected":false},"excerpt":{"rendered":"<p>Har du funderat \u00f6ver hur du skulle kunna anv\u00e4nda Storytelling i din organisation? Eller vill du bara ha en f\u00f6rsta reflektion? Kom d\u00e5 och f\u00e5 en liten genomk\u00f6rare hos mig den 12 februari p\u00e5 ett av mina kostnadsfria morgonseminarier. Jag bjuder p\u00e5 kaffe, te och kanske lite godis eller n\u00e5got annat och ber\u00e4ttar om vad&#8230;<\/p>\n","protected":false},"author":2,"featured_media":0,"comment_status":"open","ping_status":"open","sticky":false,"template":"","format":"standard","meta":[],"categories":[9],"tags":[],"_links":{"self":[{"href":"https:\/\/storytellers.se\/index.php?rest_route=\/wp\/v2\/posts\/4286"}],"collection":[{"href":"https:\/\/storytellers.se\/index.php?rest_route=\/wp\/v2\/posts"}],"about":[{"href":"https:\/\/storytellers.se\/index.php?rest_route=\/wp\/v2\/types\/post"}],"author":[{"embeddable":true,"href":"https:\/\/storytellers.se\/index.php?rest_route=\/wp\/v2\/users\/2"}],"replies":[{"embeddable":true,"href":"https:\/\/storytellers.se\/index.php?rest_route=%2Fwp%2Fv2%2Fcomments&post=4286"}],"version-history":[{"count":0,"href":"https:\/\/storytellers.se\/index.php?rest_route=\/wp\/v2\/posts\/4286\/revisions"}],"wp:attachment":[{"href":"https:\/\/storytellers.se\/index.php?rest_route=%2Fwp%2Fv2%2Fmedia&parent=4286"}],"wp:term":[{"taxonomy":"category","embeddable":true,"href":"https:\/\/storytellers.se\/index.php?rest_route=%2Fwp%2Fv2%2Fcategories&post=4286"},{"taxonomy":"post_tag","embeddable":true,"href":"https:\/\/storytellers.se\/index.php?rest_route=%2Fwp%2Fv2%2Ftags&post=4286"}],"curies":[{"name":"wp","href":"https:\/\/api.w.org\/{rel}","templated":true}]}}