{"id":4283,"date":"2015-02-05T20:11:48","date_gmt":"2015-02-05T19:11:48","guid":{"rendered":"http:\/\/storytellers.se\/?p=4283"},"modified":"2015-02-05T20:11:48","modified_gmt":"2015-02-05T19:11:48","slug":"nyhetsbrev-96-han-ringde-for-att-tacka","status":"publish","type":"post","link":"https:\/\/storytellers.se\/?p=4283","title":{"rendered":"Nyhetsbrev 96: Han ringde f\u00f6r att tacka"},"content":{"rendered":"<p>Hej Storytellerv\u00e4n<br \/>\nDetta \u00e4r det nittiosj\u00e4tte nyhetsbrevet fr\u00e5n Storytellers. Jag, Matts Heijbel, reflekterar h\u00e4r, sen drygt tio \u00e5r, kring Storytelling i och om organisationer. Jag ber\u00e4ttar om vad jag tycker mig se p\u00e5 storytellingfronten. Du f\u00e5r nyhetsbrevet f\u00f6r att du bett om det eller f\u00f6r att v\u00e5ra v\u00e4gar har m\u00f6tts.<br \/>\n+++++++++++++++++++++++++++++++++++++++++++++++++++++++<br \/>\nI slutet av brevet kan du l\u00e4sa lite om mitt \u00e5terkommande lilla morgonseminarium som jag bjuder in till n\u00e4sta vecka. Dessutom ber\u00e4ttar jag om utbildningar som \u00e4r inplanerade i februari. Jag arbetar f\u00f6rst\u00e5s ocks\u00e5 hela tiden med en rad specialbest\u00e4llda och skr\u00e4ddarsydda organisationsanpassade storytellinginsatser d\u00e4r jag t\u00e4nder gnistor och st\u00f6ttar dem som vill bygga ber\u00e4ttande organisationer..<br \/>\n+++++++++++++++++++++++++++++++++++++++++++++++++++++++<br \/>\nJag jobbar d\u00e5 och d\u00e5 med Svenska Kyrkan. Organisationen f\u00f6rlorar m\u00e5nga medlemmar varje \u00e5r, ofta f\u00f6r att m\u00e4nniskor inte vill betala kyrkoskatt. Om kyrkan vore b\u00e4ttre p\u00e5 att ber\u00e4tta s\u00e5 skulle kanske medlemsminskningen minska och respekten f\u00f6r vad kyrkan egentligen h\u00e5ller p\u00e5 med ut\u00f6ver dop, br\u00f6llop och begravning skulle st\u00e4rkas. Det kan mycket v\u00e4l vara sm\u00e5, enkla h\u00e4ndelsebaserade ber\u00e4ttelser som denna som jag fick fr\u00e5n en diakon.<br \/>\nKyrkan har m\u00e5nga \u00f6ppna verksamheter som till exempel n\u00e4r \u00e4ldre m\u00e4nniskor kommer tillsammans i n\u00e5gon av kyrkans lokaler f\u00f6r att handarbeta tillsammans och ha n\u00e5gon att tala med. M\u00e5nga som \u00e4r ensamma f\u00e5r h\u00e4r vara tillsammans \u00f6ver ett handarbete och en kopp kaffe. Hantverket s\u00e4ljs och pengarna g\u00e5r till beh\u00f6vande.<br \/>\nEn dag ringde diakonens telefon. Hon h\u00f6rde en mansr\u00f6st som sa att han ville tacka. Tacka, f\u00f6r vad d\u00e5 undrade diakonen.<br \/>\n\u2013 Jag vill tacka f\u00f6r att jag har f\u00e5tt tillbaks min fru, sa han.<br \/>\nHan ber\u00e4ttade att hon blivit pension\u00e4r f\u00f6r n\u00e5got \u00e5r sedan och d\u00e5 gick luften helt ur henne. Dagarna i \u00e4nda gick hon och putsade och dammade i l\u00e4genheten. Hon blev allt mer tyst och inbunden. Mannen f\u00f6rs\u00f6kte f\u00e5 henne att rycka upp sig hon beh\u00f6vde inte putsa och st\u00e4da hela tiden. Det var d\u00e5 hon s\u00f6kte upp en handarbetsgrupp och fick tr\u00e4ffa lite nya m\u00e4nniskor. D\u00e5 v\u00e4nde det, hon blev glad och \u00f6ppen och hade s\u00e5 mycket att ber\u00e4tta.<br \/>\n\u2013 Det var det jag vill tacka f\u00f6r, sa mannen. Att jag fick tillbaks min fru glad och \u00f6ppen som f\u00f6rr.<br \/>\nKonstigare \u00e4n s\u00e5 beh\u00f6ver storytelling inte vara. Detta \u00e4r en sann liten h\u00e4ndelsebaserad ber\u00e4ttelse om vad en \u00f6ppen verksamhet kan betyda f\u00f6r m\u00e4nniskor. Om Svenska Kyrkan ber\u00e4ttar mer om dessa sm\u00e5 h\u00e4ndelser s\u00e5 \u00f6kar kunskapen och respekten f\u00f6r verksamheten och kanske leder det ytterst till att medlemstappet minskar.<br \/>\nSvenska Kyrkan utf\u00f6r ett fantastiskt arbete som egentligen bara de inblandade k\u00e4nner till. Precis som f\u00f6retag beh\u00f6ver kunder s\u00e5 beh\u00f6ver kyrkan medlemmar. Men d\u00e5 m\u00e5ste de ber\u00e4tta.<br \/>\n+++++++++++++++++++++++++++++++++++++++++++++++++++++++<br \/>\nDet finns m\u00e5nga sammanhang d\u00e4r man kan ta fram storytellingverktyget och reflektera \u00f6ver hur det ska anv\u00e4ndas vid olika situationer. Jag diskuterar exempelvis f\u00f6r n\u00e4rvarande med en ny stadsdel, ett f\u00f6retag inom tillverkningsindustrin, n\u00e5gra myndigheter inom v\u00e5rd, omsorg och tillsyn, ytterligare en kommun etc.<br \/>\nIbland \u00e4r det f\u00f6r\u00e4ndringsprocesser som p\u00e5g\u00e5r och som beh\u00f6ver ber\u00e4ttelser som pekar fram\u00e5t. Ibland handlar det om att s\u00f6ka och beskriva visioner om Alternativ Produktion eller nya v\u00e4rdegrundstankar. Det kan ibland handla om ren rekrytering eller om s\u00e4lj. Bara man vet vad man vill s\u00e5 g\u00e5r det alltid att strategiskt ta upp och st\u00e4lla in storytellingverktyget.<br \/>\n+++++++++++++++++++++++++++++++++++++++++++++++++++++++<br \/>\nJag f\u00f6ljer sedan m\u00e5nga \u00e5r internationella diskussioner om Storytelling och om ber\u00e4ttelsens kraft. Det \u00e4r verkligen fantastiskt med storytellingevangelisterna som det finns gott om inte minst i USA. Men vi \u00e4r bra i Europa ocks\u00e5 och det finns m\u00e5nga som ser med respekt ocks\u00e5 p\u00e5 oss h\u00e4r i Sverige n\u00e4r det kommer till Storytelling och emotionell kommunikation.<br \/>\nRedan p\u00e5 80-talet talade kognitiva psykologer om storyns effekter p\u00e5 m\u00e4nniskan och hur den p\u00e5verkar relationen mellan m\u00e4nniskor ocks\u00e5 n\u00e4r det kommer till organisationer och f\u00f6retag. En Harvardforskare r\u00e4knade ut att m\u00e4nniskan har 21 g\u00e5nger (!) st\u00f6rre m\u00f6jlighet att ta till sig en story \u00e4n att komma ih\u00e5g faktarapportering.<br \/>\nDet finns forskning som p\u00e5st\u00e5r att hj\u00e4rnkemin p\u00e5verkas av ber\u00e4ttelser eftersom de p\u00e5verkar k\u00e4nslorna vilket i b\u00e4sta fall kan leda till att stresshormoner minskar och \u201dlugn-och-ro-hormonet\u201d oxytocin \u00f6kar n\u00e4r vi f\u00e5r vila i en story som ang\u00e5r och ber\u00f6r oss.<br \/>\nDet p\u00e5st\u00e5s att oxytocin \u00f6kar social interaktion, underl\u00e4ttar inl\u00e4rning och stimulerar l\u00e4kande och helande. Jag \u00e4r inte mannen att tr\u00e4nga djupare i detta men vi anar ju f\u00f6rst\u00e5s alla av egen erfarenhet det d\u00e4r med ber\u00e4ttelsens kraft.<br \/>\nEn stark och tydlig ber\u00e4ttelse f\u00e5r oss att g\u00e5 ig\u00e5ng och en kreativ story kopplad till v\u00e5r vardag f\u00e5r oss att direkt kunna dela en k\u00e4nsla och en upplevelse med en annan m\u00e4nniska som r\u00f6r sig i samma vardag. Detta har forskarna till och med kunnat m\u00e4ta hos deltagarnas hj\u00e4rnaktiviteter n\u00e4r f\u00f6rs\u00f6kspersonerna delar en ber\u00e4ttelse. Det \u00e4r kommunikation i ordets \u00e4dlaste bem\u00e4rkelse. Kommunikation betyder n\u00e4mligen: G\u00f6ra gemensamt.<br \/>\n+++++++++++++++++++++++++++++++++++++++++++++++++++++++<br \/>\nDen 12  februari, om en vecka allts\u00e5, har jag n\u00e4sta morgonseminarium d\u00e4r jag bjuder in g\u00e4ster till mitt konferensrum p\u00e5 K22 p\u00e5 Krukmakargatan p\u00e5 S\u00f6dermalm i Stockholm. Det \u00e4r gratis men du m\u00e5ste anm\u00e4la dig innan. Se hur man g\u00f6r p\u00e5 www.storytellers.se och scrolla ned till rubriken: Bli min g\u00e4st den 12 februari.<br \/>\nDen 19 februari har jag dessutom en tre timmars kv\u00e4llskurs som arrangeras av Mis, Marknadsf\u00f6reningen i Stockholm. Mer om den finns p\u00e5 Mis.se Det kommer sen mer under v\u00e5ren som jag ber\u00e4ttar om l\u00f6pande p\u00e5 bloggen och i detta m\u00e5natliga nyhetsbrev.<br \/>\n+++++++++++++++++++++++++++++++++++++++++++++++++++++++<br \/>\nDet var allt f\u00f6r denna g\u00e5ng. Jag som skriver detta och alla tidigare nyhetsbrev heter Matts Heijbel. Vill du ha kontakt med mig och min kompetens s\u00e5 skriv till matts@storytellers.se s\u00e5 kan vi diskutera. Om du vill engagera mig s\u00e5 k\u00f6r jag allt fr\u00e5n sm\u00e5 f\u00f6rel\u00e4sningar till hela workshops med sk\u00f6rdefest med garanterad sk\u00f6rd till processer som bygger ber\u00e4ttande organisationer.<br \/>\nVill du k\u00f6pa min bok Storytelling befolkar varum\u00e4rket till f\u00f6rlagspriset 200 sek inkl moms plus porto s\u00e5 mejla mig s\u00e5 ger jag best\u00e4llningen till f\u00f6rlaget. I bokhandeln \u00e4r boken betydligt dyrare.<br \/>\nVill du inte ha det h\u00e4r nyhetsbrevet s\u00e5 kan du v\u00e4nda det med ett Nej tack.<br \/>\nTack f\u00f6r den h\u00e4r g\u00e5ngen<br \/>\nH\u00e4lsar<br \/>\nMatts Heijbel<br \/>\nStockholm \/ Gr\u00f6dinge 5 februari 2015<\/p>\n","protected":false},"excerpt":{"rendered":"<p>Hej Storytellerv\u00e4n Detta \u00e4r det nittiosj\u00e4tte nyhetsbrevet fr\u00e5n Storytellers. Jag, Matts Heijbel, reflekterar h\u00e4r, sen drygt tio \u00e5r, kring Storytelling i och om organisationer. Jag ber\u00e4ttar om vad jag tycker mig se p\u00e5 storytellingfronten. Du f\u00e5r nyhetsbrevet f\u00f6r att du bett om det eller f\u00f6r att v\u00e5ra v\u00e4gar har m\u00f6tts. +++++++++++++++++++++++++++++++++++++++++++++++++++++++ I slutet av brevet&#8230;<\/p>\n","protected":false},"author":2,"featured_media":0,"comment_status":"open","ping_status":"open","sticky":false,"template":"","format":"standard","meta":[],"categories":[8],"tags":[],"_links":{"self":[{"href":"https:\/\/storytellers.se\/index.php?rest_route=\/wp\/v2\/posts\/4283"}],"collection":[{"href":"https:\/\/storytellers.se\/index.php?rest_route=\/wp\/v2\/posts"}],"about":[{"href":"https:\/\/storytellers.se\/index.php?rest_route=\/wp\/v2\/types\/post"}],"author":[{"embeddable":true,"href":"https:\/\/storytellers.se\/index.php?rest_route=\/wp\/v2\/users\/2"}],"replies":[{"embeddable":true,"href":"https:\/\/storytellers.se\/index.php?rest_route=%2Fwp%2Fv2%2Fcomments&post=4283"}],"version-history":[{"count":0,"href":"https:\/\/storytellers.se\/index.php?rest_route=\/wp\/v2\/posts\/4283\/revisions"}],"wp:attachment":[{"href":"https:\/\/storytellers.se\/index.php?rest_route=%2Fwp%2Fv2%2Fmedia&parent=4283"}],"wp:term":[{"taxonomy":"category","embeddable":true,"href":"https:\/\/storytellers.se\/index.php?rest_route=%2Fwp%2Fv2%2Fcategories&post=4283"},{"taxonomy":"post_tag","embeddable":true,"href":"https:\/\/storytellers.se\/index.php?rest_route=%2Fwp%2Fv2%2Ftags&post=4283"}],"curies":[{"name":"wp","href":"https:\/\/api.w.org\/{rel}","templated":true}]}}