{"id":4279,"date":"2015-02-05T13:34:51","date_gmt":"2015-02-05T12:34:51","guid":{"rendered":"http:\/\/storytellers.se\/?p=4279"},"modified":"2015-02-05T13:34:51","modified_gmt":"2015-02-05T12:34:51","slug":"bygg-en-trovardig-repertoar","status":"publish","type":"post","link":"https:\/\/storytellers.se\/?p=4279","title":{"rendered":"Bygg en trov\u00e4rdig repertoar"},"content":{"rendered":"<p>Ibland blir jag kontaktad av frustrerade f\u00f6retag eller organisationer som f\u00f6rs\u00f6kt sig p\u00e5 att prova storytelling och som d\u00e4rf\u00f6r haft en retorikexpert eller en sk\u00e5despelare p\u00e5 plats som helt har fokuserat p\u00e5 <em>hur man framf\u00f6r en ber\u00e4ttelse och hur man ska st\u00e5 och g\u00e5 och s\u00e5 vidare<\/em>. De som kontaktar mig s\u00e4ger d\u00e5 att det inte var riktigt detta de hade varit ute efter utan de ville s\u00f6ka och finna verksamhetsber\u00e4ttelser som de kan anv\u00e4nda i s\u00e4lj, rekrytering, ledarskap med mera. Mer <em><strong>vad<\/strong><\/em> man ber\u00e4ttar \u00e4n <em><strong>hur<\/strong><\/em> man ber\u00e4ttar, allts\u00e5.<\/p>\n<p>Jag brukar d\u00e5 s\u00e4ga att <em>Corporate Storytelling<\/em>, som jag ser det, handlar om just detta. Inneh\u00e5llet! Det spelar faktiskt mindre roll <em><strong>hur<\/strong><\/em> du framf\u00f6r din ber\u00e4ttelse. Det viktiga \u00e4r att du har en tydlig po\u00e4ng i din organisationsber\u00e4ttelse och att du <em>tror p\u00e5 det du s\u00e4ger<\/em>. Den dokument\u00e4ra trov\u00e4rdigheten i att vi alla \u00e4r just som vi \u00e4r kan till och med f\u00f6rh\u00f6ja en ber\u00e4ttelse sk\u00f6rdad fr\u00e5n verkligheten. En ber\u00e4ttelse b\u00f6r kommuniceras fritt utan manus och utan sk\u00e5despelare och om den ska filmas ocks\u00e5 g\u00e4rna utan klipp. Det h\u00f6jer trov\u00e4rdigheten.<\/p>\n<p>Alla m\u00e4nniskor kan ber\u00e4tta och om vi dukar bordet och ger dem en trov\u00e4rdig repertoar s\u00e5 kommer de att ber\u00e4tta. Det g\u00e4ller d\u00e5 att s\u00f6ka, finna, bygga, konstruera och dreja fram en fungerande story.<\/p>\n<p>Det inneb\u00e4r f\u00f6rst\u00e5s att man beh\u00f6ver den renodlade h\u00e4ndelsen eller det dramaturgiska klimax som finns i magiska \u00f6gonblick som s\u00e4ger n\u00e5got viktigt och som kan befolka varum\u00e4rket. Det \u00e4r det processen handlar om. Det fantastiska \u00e4r att dessa ber\u00e4ttelser ofta redan surrar omkring oss. I rummet i sociala media. Det g\u00e4ller bara att inse detta och att de l\u00e5ter sig sk\u00f6rdas n\u00e4r man f\u00f6rst\u00e5tt hur man ska f\u00e5 syn p\u00e5 dem.<\/p>\n<p>Det r\u00e4cker inte att be kunder och medarbetare att via mejl skicka in en historia. Det kommer inget guld den v\u00e4gen. Traditionsb\u00e4rarna beh\u00f6ver f\u00f6rs\u00e4ttas i en st\u00e4mning d\u00e4r det hela blir uppenbart. Det \u00e4r den inledande inspirationsf\u00f6rel\u00e4sningens uppgift.<\/p>\n","protected":false},"excerpt":{"rendered":"<p>Ibland blir jag kontaktad av frustrerade f\u00f6retag eller organisationer som f\u00f6rs\u00f6kt sig p\u00e5 att prova storytelling och som d\u00e4rf\u00f6r haft en retorikexpert eller en sk\u00e5despelare p\u00e5 plats som helt har fokuserat p\u00e5 hur man framf\u00f6r en ber\u00e4ttelse och hur man ska st\u00e5 och g\u00e5 och s\u00e5 vidare. De som kontaktar mig s\u00e4ger d\u00e5 att det&#8230;<\/p>\n","protected":false},"author":2,"featured_media":0,"comment_status":"open","ping_status":"open","sticky":false,"template":"","format":"standard","meta":[],"categories":[2],"tags":[],"_links":{"self":[{"href":"https:\/\/storytellers.se\/index.php?rest_route=\/wp\/v2\/posts\/4279"}],"collection":[{"href":"https:\/\/storytellers.se\/index.php?rest_route=\/wp\/v2\/posts"}],"about":[{"href":"https:\/\/storytellers.se\/index.php?rest_route=\/wp\/v2\/types\/post"}],"author":[{"embeddable":true,"href":"https:\/\/storytellers.se\/index.php?rest_route=\/wp\/v2\/users\/2"}],"replies":[{"embeddable":true,"href":"https:\/\/storytellers.se\/index.php?rest_route=%2Fwp%2Fv2%2Fcomments&post=4279"}],"version-history":[{"count":0,"href":"https:\/\/storytellers.se\/index.php?rest_route=\/wp\/v2\/posts\/4279\/revisions"}],"wp:attachment":[{"href":"https:\/\/storytellers.se\/index.php?rest_route=%2Fwp%2Fv2%2Fmedia&parent=4279"}],"wp:term":[{"taxonomy":"category","embeddable":true,"href":"https:\/\/storytellers.se\/index.php?rest_route=%2Fwp%2Fv2%2Fcategories&post=4279"},{"taxonomy":"post_tag","embeddable":true,"href":"https:\/\/storytellers.se\/index.php?rest_route=%2Fwp%2Fv2%2Ftags&post=4279"}],"curies":[{"name":"wp","href":"https:\/\/api.w.org\/{rel}","templated":true}]}}