{"id":4265,"date":"2015-01-19T09:25:55","date_gmt":"2015-01-19T08:25:55","guid":{"rendered":"http:\/\/storytellers.se\/?p=4265"},"modified":"2015-01-19T09:25:55","modified_gmt":"2015-01-19T08:25:55","slug":"ar-du-har-frivilligt","status":"publish","type":"post","link":"https:\/\/storytellers.se\/?p=4265","title":{"rendered":"\u00c4r du h\u00e4r frivilligt?"},"content":{"rendered":"<p>Summan av ber\u00e4ttelserna om de m\u00e4nniskor som \u00e4r medarbetare och kunder\/klienter l\u00e4gger ett pussel som tillsammans kan s\u00e4gas bygga och befolka varum\u00e4rket. Det g\u00e4ller f\u00f6rst\u00e5s i allra h\u00f6gsta grad mindre id\u00e9drivna organisationer men faktiskt ocks\u00e5 stora. Jag har, till exempel, f\u00f6r att f\u00f6rs\u00f6ka befolka en EU-struktur, ibland kastat ut fr\u00e5gan: Varf\u00f6r \u00e4r du h\u00e4r? \u00c4r du h\u00e4r frivilligt? Vad var det som h\u00e4nde?<\/p>\n<p>D\u00e4r kan man s\u00e4ga att de personliga varum\u00e4rkena l\u00e5nas in f\u00f6r att befolka det \u00f6vergripande varum\u00e4rket. Och faktum \u00e4r att m\u00e5nga har svar p\u00e5 just den fr\u00e5gan: Varf\u00f6r \u00e4r hen h\u00e4r? \u00c4r hen h\u00e4r frivilligt?<\/p>\n<p>N\u00e4r jag h\u00e5ller mina halvdagar enligt <em>Heijbelmodellen<\/em> med inspirationsf\u00f6rel\u00e4sning, workshop och sk\u00f6rdefest s\u00e5 kommer alltid en samling av dessa, ofta emotionella personliga ber\u00e4ttelserna, som en del av det man kan jobba vidare med.<\/p>\n<p>Sen beh\u00f6vs f\u00f6rst\u00e5s den stora \u00f6vergripande ber\u00e4ttelsen \u00e4ven om den g\u00e4rna befolkas med de personliga varum\u00e4rkena som russin i kakan. Man f\u00e5r det man fr\u00e5gar efter det \u00e4r en del av det som \u00e4r s\u00e5 fantastiskt med storytelling \/ storylisteningverktyget.<\/p>\n","protected":false},"excerpt":{"rendered":"<p>Summan av ber\u00e4ttelserna om de m\u00e4nniskor som \u00e4r medarbetare och kunder\/klienter l\u00e4gger ett pussel som tillsammans kan s\u00e4gas bygga och befolka varum\u00e4rket. Det g\u00e4ller f\u00f6rst\u00e5s i allra h\u00f6gsta grad mindre id\u00e9drivna organisationer men faktiskt ocks\u00e5 stora. Jag har, till exempel, f\u00f6r att f\u00f6rs\u00f6ka befolka en EU-struktur, ibland kastat ut fr\u00e5gan: Varf\u00f6r \u00e4r du h\u00e4r? \u00c4r&#8230;<\/p>\n","protected":false},"author":2,"featured_media":0,"comment_status":"open","ping_status":"open","sticky":false,"template":"","format":"standard","meta":[],"categories":[2],"tags":[],"_links":{"self":[{"href":"https:\/\/storytellers.se\/index.php?rest_route=\/wp\/v2\/posts\/4265"}],"collection":[{"href":"https:\/\/storytellers.se\/index.php?rest_route=\/wp\/v2\/posts"}],"about":[{"href":"https:\/\/storytellers.se\/index.php?rest_route=\/wp\/v2\/types\/post"}],"author":[{"embeddable":true,"href":"https:\/\/storytellers.se\/index.php?rest_route=\/wp\/v2\/users\/2"}],"replies":[{"embeddable":true,"href":"https:\/\/storytellers.se\/index.php?rest_route=%2Fwp%2Fv2%2Fcomments&post=4265"}],"version-history":[{"count":0,"href":"https:\/\/storytellers.se\/index.php?rest_route=\/wp\/v2\/posts\/4265\/revisions"}],"wp:attachment":[{"href":"https:\/\/storytellers.se\/index.php?rest_route=%2Fwp%2Fv2%2Fmedia&parent=4265"}],"wp:term":[{"taxonomy":"category","embeddable":true,"href":"https:\/\/storytellers.se\/index.php?rest_route=%2Fwp%2Fv2%2Fcategories&post=4265"},{"taxonomy":"post_tag","embeddable":true,"href":"https:\/\/storytellers.se\/index.php?rest_route=%2Fwp%2Fv2%2Ftags&post=4265"}],"curies":[{"name":"wp","href":"https:\/\/api.w.org\/{rel}","templated":true}]}}