{"id":4262,"date":"2015-01-12T20:26:55","date_gmt":"2015-01-12T19:26:55","guid":{"rendered":"http:\/\/storytellers.se\/?p=4262"},"modified":"2015-01-12T20:26:55","modified_gmt":"2015-01-12T19:26:55","slug":"nyhetsbrev-95","status":"publish","type":"post","link":"https:\/\/storytellers.se\/?p=4262","title":{"rendered":"Nyhetsbrev 95"},"content":{"rendered":"<p>Idag har detta Nyhetsbrev Nr nittiofem g\u00e5tt ut till n\u00e4rmare 3000 prenumeranter. Det handlar bland annat om det nya Corporate Storytellingspel som jag \u00e4r med att ta fram och det bjuder in till n\u00e4sta morgonseminarium som jag bjuder in till i veckan.<\/p>\n<p>Nyhetsbrev 95<\/p>\n<p>Hej Storytellerv\u00e4n<\/p>\n<p>Detta \u00e4r det nittiofemte nyhetsbrevet fr\u00e5n Storytellers. Jag reflekterar h\u00e4r, sen drygt tio \u00e5r, kring Storytelling i och om organisationer och ber\u00e4ttar om vad jag tycker mig se p\u00e5 storytellingfronten. Du f\u00e5r nyhetsbrevet f\u00f6r att du bett om det eller f\u00f6r att v\u00e5ra v\u00e4gar har m\u00f6tts.<\/p>\n<p>Jag som skriver detta liksom alla de nittiofyra tidigare breven \u00e4r Matts Heijbel, Sveriges mest erfarna konsult inom Corporate Storytelling. Jag \u00e4r f\u00f6rfattare och journalist med socialantropologisk bakgrund och har arbetat inom detta omr\u00e5de tillsammans med hundratals f\u00f6retag och organisationer genom \u00e5ren. Jag har ocks\u00e5 lett utbildningar b\u00e5de vid universitet och h\u00f6gskolor och f\u00f6retag inom detta omr\u00e5de. Som antropolog \u00e4r det sj\u00e4lvklart f\u00f6r mig att alla m\u00e4nskliga sammanhang b\u00e4rs av sina ber\u00e4ttelser.<\/p>\n<p>+++++++++++++++++++++++++++++++++++++++++++++++++++<\/p>\n<p>Vill du tr\u00e4ffa mig helt kort och h\u00f6ra mer om detta fantastiska \u00e4mne s\u00e5 \u00e4r du v\u00e4lkommen till mitt n\u00e4sta morgonseminarium som \u00e4r nu p\u00e5 torsdag 15 januari p\u00e5 K22, Krukmakargatan 22 p\u00e5 S\u00f6der i Stockholm. Skicka i s\u00e5 fall ett mejl till matts@storytellers.se med rubriken 15 januari. Skriv n\u00e5gra rader om vem du \u00e4r och varf\u00f6r du vill komma s\u00e5 \u00e5terkommer jag med koder etc. Vi b\u00f6rjar med mingel klockan 08.30, jag ber\u00e4ttar och exemplifierar sen mellan 09.00 \u2013 10.00. D\u00e4refter finns det m\u00f6jlighet f\u00f6r lite eftersnack f\u00f6r den som s\u00e5 vill. Jag bjuder s\u00e5 det \u00e4r allts\u00e5 gratis.<\/p>\n<p>+++++++++++++++++++++++++++++++++++++++++++++++++++<\/p>\n<p>\u00c4r du toppledare i offentlig sektor s\u00e5 kan jag f\u00f6r \u00f6vrigt ber\u00e4tta att jag \u00e4r en del av pwc:s Toppledarprogram 2015 och jag \u00e4r dessutom bland annat inbokad den 19 februari f\u00f6r en kortare kv\u00e4llskurs hos Mis, Marknadsf\u00f6reningen i Stockholm. Se mer p\u00e5 mis.se<\/p>\n<p>+++++++++++++++++++++++++++++++++++++++++++++++++++<\/p>\n<p>Jag \u00e4r f\u00f6r n\u00e4rvarande involverad i ett projekt tillsammans med spelutvecklarna p\u00e5 Adludo. Vi tar fram ett storytellingspel med vars hj\u00e4lp f\u00f6retag och organisationer sj\u00e4lva kan s\u00f6ka och finna sina egna ber\u00e4ttelser som kan bidra till att befolka deras varum\u00e4rken.<\/p>\n<p>Vi tror att det kan vara bra f\u00f6r exempelvis stora organisationer d\u00e4r man nu kan ta olika arbetsgrupper p\u00e5 olika kontor och kliniker till ett fikarum eller en gr\u00e4sbacke. Det \u00e4r allts\u00e5 ett s\u00e5 kallat br\u00e4dspel. Inga digitala plattformar eller appar utan spelkort som p\u00e5 ett enkelt s\u00e4tt letar upp och bygger sanna ber\u00e4ttelser fr\u00e5n den egna verkligheten. Spelet \u00e4r kostnadseffektivt och l\u00e4ttanpassat till organisationens egna behov och f\u00f6ruts\u00e4ttningar.<\/p>\n<p>Vi kan skr\u00e4ddarsy spelet till det och det f\u00f6retaget eller den och den organisationen. Vi kan ocks\u00e5 utbilda interna spel\u00e4gare som p\u00e5 egen hand kan driva processerna inom organisationen. Vill du veta mer om detta s\u00e5 \u00e4r du v\u00e4lkommen att kontakta mig p\u00e5 matts@storytellers.se jag kan ocks\u00e5 ber\u00e4tta lite om det p\u00e5 morgonseminariet den 15 januari.<\/p>\n<p>+++++++++++++++++++++++++++++++++++++++++++++++++++<\/p>\n<p>Vi har ju g\u00e5tt igenom julhelgerna nu och jag kan aldrig i juletid l\u00e5ta bli att t\u00e4nka p\u00e5 ber\u00e4ttelserna om Jesus. De \u00e4r verkligen Storytelling i den meningen att allt man ber\u00e4ttar om honom \u00e4r \u00e4gnat att visa v\u00e4rderingar. Hur t\u00e4nker en kristen? Hur agerar en kristen? Jag har jobbat en hel del med Svenska kyrkan men d\u00e5 handlar det inte om Jesus, som ju \u00e4r sj\u00e4lva aff\u00e4rsid\u00e9n om man f\u00e5 s\u00e4ga s\u00e5, utan om hur denna organisation arbetar.<\/p>\n<p>Ska Svenska kyrkan minska det \u00e5rliga medlemstappet s\u00e5 m\u00e5ste man bli b\u00e4ttre p\u00e5 att ber\u00e4tta om det dagliga arbetet och vardagen. Kyrkan st\u00e5r f\u00f6r stora insatser i samh\u00e4llet som man inte k\u00e4nner till om inte kyrkan ber\u00e4ttar.<\/p>\n<p>Detta g\u00e4ller f\u00f6rst\u00e5s alla organisationer. Ber\u00e4ttar man inte s\u00e5 finns man inte. Samtidigt vill jag p\u00e5st\u00e5 att alla m\u00e4nskliga verksamheter \u00e4r i storytellingbranschen \u00e4ven om man inte t\u00e4nkt p\u00e5 det. Vill man p\u00e5verka ber\u00e4ttelsen och befolka sitt varum\u00e4rke s\u00e5 b\u00f6r man allts\u00e5 vara med och p\u00e5verka. Man b\u00f6r bli storymedveten f\u00f6r att n\u00e5 framg\u00e5ng.<\/p>\n<p>+++++++++++++++++++++++++++++++++++++++++++++++++++<\/p>\n<p>Vill du diskutera eventuella storytellinginsatser, utbildningar eller projekt s\u00e5 \u00e4r du v\u00e4lkommen att kontakta mig. Jag kan bidra med allt fr\u00e5n en kort f\u00f6rel\u00e4sning till hela kickoffer eller stora storytellingprojekt. H\u00e4rligast och vackrast \u00e4r f\u00f6rst\u00e5s att f\u00e5 vara del i att bygga en ber\u00e4ttande organisation.<\/p>\n<p>Det var allt f\u00f6r denna g\u00e5ng. P\u00e5 storytellers.se finns \u00f6ver 1500 texter i \u00e4mnet och vill du l\u00e4sa min bok Storytelling befolkar varum\u00e4rket s\u00e5 finns den i n\u00e4tbokhandeln men du kan ocks\u00e5 best\u00e4lla den via mig s\u00e5 kommer den direkt fr\u00e5n f\u00f6rlaget med en faktura. Till nettopriset 200 sek inkl moms. Porto tillkommer.<\/p>\n<p>Tack f\u00f6r den h\u00e4r g\u00e5ngen. Vill du inte ha nyhetsbrevet mer s\u00e5 kan du v\u00e4nda detta mejl med ett Nej tack s\u00e5 tar vi bort dig ur s\u00e4ndlistan,<\/p>\n<p>H\u00e4lsar<\/p>\n<p>Matts Heijbel<\/p>\n<p>Stockholm \/ Gr\u00f6dinge<\/p>\n<p>12 januari 2015<\/p>\n","protected":false},"excerpt":{"rendered":"<p>Idag har detta Nyhetsbrev Nr nittiofem g\u00e5tt ut till n\u00e4rmare 3000 prenumeranter. Det handlar bland annat om det nya Corporate Storytellingspel som jag \u00e4r med att ta fram och det bjuder in till n\u00e4sta morgonseminarium som jag bjuder in till i veckan. Nyhetsbrev 95 Hej Storytellerv\u00e4n Detta \u00e4r det nittiofemte nyhetsbrevet fr\u00e5n Storytellers. Jag reflekterar&#8230;<\/p>\n","protected":false},"author":2,"featured_media":0,"comment_status":"open","ping_status":"open","sticky":false,"template":"","format":"standard","meta":[],"categories":[8],"tags":[],"_links":{"self":[{"href":"https:\/\/storytellers.se\/index.php?rest_route=\/wp\/v2\/posts\/4262"}],"collection":[{"href":"https:\/\/storytellers.se\/index.php?rest_route=\/wp\/v2\/posts"}],"about":[{"href":"https:\/\/storytellers.se\/index.php?rest_route=\/wp\/v2\/types\/post"}],"author":[{"embeddable":true,"href":"https:\/\/storytellers.se\/index.php?rest_route=\/wp\/v2\/users\/2"}],"replies":[{"embeddable":true,"href":"https:\/\/storytellers.se\/index.php?rest_route=%2Fwp%2Fv2%2Fcomments&post=4262"}],"version-history":[{"count":0,"href":"https:\/\/storytellers.se\/index.php?rest_route=\/wp\/v2\/posts\/4262\/revisions"}],"wp:attachment":[{"href":"https:\/\/storytellers.se\/index.php?rest_route=%2Fwp%2Fv2%2Fmedia&parent=4262"}],"wp:term":[{"taxonomy":"category","embeddable":true,"href":"https:\/\/storytellers.se\/index.php?rest_route=%2Fwp%2Fv2%2Fcategories&post=4262"},{"taxonomy":"post_tag","embeddable":true,"href":"https:\/\/storytellers.se\/index.php?rest_route=%2Fwp%2Fv2%2Ftags&post=4262"}],"curies":[{"name":"wp","href":"https:\/\/api.w.org\/{rel}","templated":true}]}}