{"id":4255,"date":"2015-01-08T16:42:45","date_gmt":"2015-01-08T15:42:45","guid":{"rendered":"http:\/\/storytellers.se\/?p=4255"},"modified":"2015-01-08T16:42:45","modified_gmt":"2015-01-08T15:42:45","slug":"bli-min-gast-15-januari-2","status":"publish","type":"post","link":"https:\/\/storytellers.se\/?p=4255","title":{"rendered":"Bli min g\u00e4st 15 januari"},"content":{"rendered":"<p>Kom till mig! Den 15 januari har jag ett av mina \u00e5terkommande korta kostnadsfria frukostseminarier p\u00e5 S\u00f6dermalm i Stockholm. Jag bjuder p\u00e5 kaffe, te och frukt. Kanske en sk\u00e5l godis och ber\u00e4ttar om arbetet med Storytelling i och om organisationer. Gratis allts\u00e5, men jag vill att den som anm\u00e4lt sig verkligen kommer s\u00e5 att det inte hindrar n\u00e5gon annan.<br \/>\nDet b\u00f6rjar med mingel 08.30. Sedan ber\u00e4ttar jag om olika aspekter p\u00e5 storytelling och visar lite filmklipp och annat mellan kl 09.00 \u2013 10.00. Efter det finns det m\u00f6jlighet till lite eftersnack f\u00f6r den som vill. Det finns ocks\u00e5 m\u00f6jlighet att k\u00f6pa den nytryckta tredje upplagan av min bok Storytelling befolkar varum\u00e4rket till f\u00f6rlagspris. Du tar med dig en bok och f\u00f6rlaget skickar faktura.<br \/>\nOm du vill vara med s\u00e5 mejlar du till matts@storytellers.se och skriver 15 januari i rubrikraden.<br \/>\nJag vill g\u00e4rna veta lite vem du \u00e4r, var du jobbar och varf\u00f6r du vill komma.<br \/>\nDet hela \u00e4r p\u00e5 K22, Krukmakargatan 22, jag \u00e5terkommer sen med detaljer som portkoder och s\u00e5nt till dig som anm\u00e4lt att du kommer.<\/p>\n","protected":false},"excerpt":{"rendered":"<p>Kom till mig! Den 15 januari har jag ett av mina \u00e5terkommande korta kostnadsfria frukostseminarier p\u00e5 S\u00f6dermalm i Stockholm. Jag bjuder p\u00e5 kaffe, te och frukt. Kanske en sk\u00e5l godis och ber\u00e4ttar om arbetet med Storytelling i och om organisationer. Gratis allts\u00e5, men jag vill att den som anm\u00e4lt sig verkligen kommer s\u00e5 att det&#8230;<\/p>\n","protected":false},"author":2,"featured_media":0,"comment_status":"open","ping_status":"open","sticky":false,"template":"","format":"standard","meta":[],"categories":[9],"tags":[],"_links":{"self":[{"href":"https:\/\/storytellers.se\/index.php?rest_route=\/wp\/v2\/posts\/4255"}],"collection":[{"href":"https:\/\/storytellers.se\/index.php?rest_route=\/wp\/v2\/posts"}],"about":[{"href":"https:\/\/storytellers.se\/index.php?rest_route=\/wp\/v2\/types\/post"}],"author":[{"embeddable":true,"href":"https:\/\/storytellers.se\/index.php?rest_route=\/wp\/v2\/users\/2"}],"replies":[{"embeddable":true,"href":"https:\/\/storytellers.se\/index.php?rest_route=%2Fwp%2Fv2%2Fcomments&post=4255"}],"version-history":[{"count":0,"href":"https:\/\/storytellers.se\/index.php?rest_route=\/wp\/v2\/posts\/4255\/revisions"}],"wp:attachment":[{"href":"https:\/\/storytellers.se\/index.php?rest_route=%2Fwp%2Fv2%2Fmedia&parent=4255"}],"wp:term":[{"taxonomy":"category","embeddable":true,"href":"https:\/\/storytellers.se\/index.php?rest_route=%2Fwp%2Fv2%2Fcategories&post=4255"},{"taxonomy":"post_tag","embeddable":true,"href":"https:\/\/storytellers.se\/index.php?rest_route=%2Fwp%2Fv2%2Ftags&post=4255"}],"curies":[{"name":"wp","href":"https:\/\/api.w.org\/{rel}","templated":true}]}}