{"id":4245,"date":"2015-01-01T16:20:13","date_gmt":"2015-01-01T15:20:13","guid":{"rendered":"http:\/\/storytellers.se\/?p=4245"},"modified":"2015-01-01T16:20:13","modified_gmt":"2015-01-01T15:20:13","slug":"for-toppledare-i-offentlig-sektor","status":"publish","type":"post","link":"https:\/\/storytellers.se\/?p=4245","title":{"rendered":"F\u00f6r toppledare i offentlig sektor"},"content":{"rendered":"<p>Jag \u00e4r en av de seniora experterna i <a href=\"http:\/\/www.pwc.se\/\">pwc:s<\/a> <strong>Toppledarprogram 2015<\/strong>. Utvecklingsprogrammet, som v\u00e4nder sig till toppchefer i offentlig sektor, \u00e4r p\u00e5 sammanlagt 10 dagar. Jag har ansvar i modulen <em>Kommunikativt Ledarskap<\/em>. &lt;a href=&quot;<a href=\"https:\/\/heijbel.files.wordpress.com\/2015\/01\/toppledarprogrammet202015.pdf\">H\u00e4r \u00e4r programmet<\/a>.<\/p>\n","protected":false},"excerpt":{"rendered":"<p>Jag \u00e4r en av de seniora experterna i pwc:s Toppledarprogram 2015. Utvecklingsprogrammet, som v\u00e4nder sig till toppchefer i offentlig sektor, \u00e4r p\u00e5 sammanlagt 10 dagar. Jag har ansvar i modulen Kommunikativt Ledarskap. &lt;a href=&quot;H\u00e4r \u00e4r programmet.<\/p>\n","protected":false},"author":2,"featured_media":0,"comment_status":"open","ping_status":"open","sticky":false,"template":"","format":"standard","meta":[],"categories":[9],"tags":[],"_links":{"self":[{"href":"https:\/\/storytellers.se\/index.php?rest_route=\/wp\/v2\/posts\/4245"}],"collection":[{"href":"https:\/\/storytellers.se\/index.php?rest_route=\/wp\/v2\/posts"}],"about":[{"href":"https:\/\/storytellers.se\/index.php?rest_route=\/wp\/v2\/types\/post"}],"author":[{"embeddable":true,"href":"https:\/\/storytellers.se\/index.php?rest_route=\/wp\/v2\/users\/2"}],"replies":[{"embeddable":true,"href":"https:\/\/storytellers.se\/index.php?rest_route=%2Fwp%2Fv2%2Fcomments&post=4245"}],"version-history":[{"count":0,"href":"https:\/\/storytellers.se\/index.php?rest_route=\/wp\/v2\/posts\/4245\/revisions"}],"wp:attachment":[{"href":"https:\/\/storytellers.se\/index.php?rest_route=%2Fwp%2Fv2%2Fmedia&parent=4245"}],"wp:term":[{"taxonomy":"category","embeddable":true,"href":"https:\/\/storytellers.se\/index.php?rest_route=%2Fwp%2Fv2%2Fcategories&post=4245"},{"taxonomy":"post_tag","embeddable":true,"href":"https:\/\/storytellers.se\/index.php?rest_route=%2Fwp%2Fv2%2Ftags&post=4245"}],"curies":[{"name":"wp","href":"https:\/\/api.w.org\/{rel}","templated":true}]}}