{"id":4240,"date":"2014-12-31T12:35:50","date_gmt":"2014-12-31T11:35:50","guid":{"rendered":"http:\/\/storytellers.se\/?p=4240"},"modified":"2014-12-31T12:35:50","modified_gmt":"2014-12-31T11:35:50","slug":"det-berattande-ikea","status":"publish","type":"post","link":"https:\/\/storytellers.se\/?p=4240","title":{"rendered":"Det ber\u00e4ttande Ikea"},"content":{"rendered":"<p>Jag har under alla mina storytelling\u00e5r fascinerats av <em>Det ber\u00e4ttande Ikea<\/em>. Dels har vi Kampradber\u00e4ttelserna som tillh\u00f6r modern svensk folklore och dessutom har vi ber\u00e4ttelserna om bem\u00f6tande och om hur en <em>ikean<\/em> \u00e4r och agerar. Jag har sj\u00e4lv vid n\u00e5gra tillf\u00e4llen varit r\u00e5dgivare i dessa sammanhang och jag \u00e5terber\u00e4ttar g\u00e4rna Ikeaber\u00e4ttelser under min f\u00f6rel\u00e4sningar.<\/p>\n<p>Jag kommer ih\u00e5g, n\u00e4r jag hade uppdrag hos Svenska institutet, att <em>Ikea<\/em> ofta utgjorde ett starkt och dominerande inslag i det svenska varum\u00e4rket internationellt oavsett vad institutet ville presentera f\u00f6r exempelvis internationella media.<\/p>\n<p>Nu har <strong>Sara Kristofferssons<\/strong> bok \u201d<em>Design by Ikea<\/em>\u201d, enligt <strong>Lotta Jonsons<\/strong> <a href=\"http:\/\/www.dn.se\/dnbok\/bokrecensioner\/ikea-putsar-pa-sin-svenska-sjal\/\">recension i DN<\/a>, givit sig p\u00e5 en del myter aprop\u00e5 Ikea.<\/p>\n","protected":false},"excerpt":{"rendered":"<p>Jag har under alla mina storytelling\u00e5r fascinerats av Det ber\u00e4ttande Ikea. Dels har vi Kampradber\u00e4ttelserna som tillh\u00f6r modern svensk folklore och dessutom har vi ber\u00e4ttelserna om bem\u00f6tande och om hur en ikean \u00e4r och agerar. Jag har sj\u00e4lv vid n\u00e5gra tillf\u00e4llen varit r\u00e5dgivare i dessa sammanhang och jag \u00e5terber\u00e4ttar g\u00e4rna Ikeaber\u00e4ttelser under min f\u00f6rel\u00e4sningar. Jag&#8230;<\/p>\n","protected":false},"author":2,"featured_media":0,"comment_status":"open","ping_status":"open","sticky":false,"template":"","format":"standard","meta":[],"categories":[2],"tags":[],"_links":{"self":[{"href":"https:\/\/storytellers.se\/index.php?rest_route=\/wp\/v2\/posts\/4240"}],"collection":[{"href":"https:\/\/storytellers.se\/index.php?rest_route=\/wp\/v2\/posts"}],"about":[{"href":"https:\/\/storytellers.se\/index.php?rest_route=\/wp\/v2\/types\/post"}],"author":[{"embeddable":true,"href":"https:\/\/storytellers.se\/index.php?rest_route=\/wp\/v2\/users\/2"}],"replies":[{"embeddable":true,"href":"https:\/\/storytellers.se\/index.php?rest_route=%2Fwp%2Fv2%2Fcomments&post=4240"}],"version-history":[{"count":0,"href":"https:\/\/storytellers.se\/index.php?rest_route=\/wp\/v2\/posts\/4240\/revisions"}],"wp:attachment":[{"href":"https:\/\/storytellers.se\/index.php?rest_route=%2Fwp%2Fv2%2Fmedia&parent=4240"}],"wp:term":[{"taxonomy":"category","embeddable":true,"href":"https:\/\/storytellers.se\/index.php?rest_route=%2Fwp%2Fv2%2Fcategories&post=4240"},{"taxonomy":"post_tag","embeddable":true,"href":"https:\/\/storytellers.se\/index.php?rest_route=%2Fwp%2Fv2%2Ftags&post=4240"}],"curies":[{"name":"wp","href":"https:\/\/api.w.org\/{rel}","templated":true}]}}