{"id":4238,"date":"2014-12-26T16:33:24","date_gmt":"2014-12-26T15:33:24","guid":{"rendered":"http:\/\/storytellers.se\/?p=4238"},"modified":"2014-12-26T16:33:24","modified_gmt":"2014-12-26T15:33:24","slug":"tsunamiberattelser","status":"publish","type":"post","link":"https:\/\/storytellers.se\/?p=4238","title":{"rendered":"Tsunamiber\u00e4ttelser"},"content":{"rendered":"<p>I dag \u00e4r det 10 \u00e5r sedan tsunamin. Det ber\u00e4ttades om att djuren reagerade innan v\u00e5gen kom. Elefanter flydde och folktraditionen visste att ber\u00e4tta att detta var ett tidigt tecken p\u00e5 en annalkande olycka. Det finns m\u00e5nga flodber\u00e4ttelser om olika katastrofer som dessa fr\u00e5n hela v\u00e4rlden samlade<a href=\"http:\/\/www.essene.com\/Bible\/flood.htm\"> h\u00e4r<\/a>.<\/p>\n","protected":false},"excerpt":{"rendered":"<p>I dag \u00e4r det 10 \u00e5r sedan tsunamin. Det ber\u00e4ttades om att djuren reagerade innan v\u00e5gen kom. Elefanter flydde och folktraditionen visste att ber\u00e4tta att detta var ett tidigt tecken p\u00e5 en annalkande olycka. Det finns m\u00e5nga flodber\u00e4ttelser om olika katastrofer som dessa fr\u00e5n hela v\u00e4rlden samlade h\u00e4r.<\/p>\n","protected":false},"author":2,"featured_media":0,"comment_status":"open","ping_status":"open","sticky":false,"template":"","format":"standard","meta":[],"categories":[5],"tags":[],"_links":{"self":[{"href":"https:\/\/storytellers.se\/index.php?rest_route=\/wp\/v2\/posts\/4238"}],"collection":[{"href":"https:\/\/storytellers.se\/index.php?rest_route=\/wp\/v2\/posts"}],"about":[{"href":"https:\/\/storytellers.se\/index.php?rest_route=\/wp\/v2\/types\/post"}],"author":[{"embeddable":true,"href":"https:\/\/storytellers.se\/index.php?rest_route=\/wp\/v2\/users\/2"}],"replies":[{"embeddable":true,"href":"https:\/\/storytellers.se\/index.php?rest_route=%2Fwp%2Fv2%2Fcomments&post=4238"}],"version-history":[{"count":0,"href":"https:\/\/storytellers.se\/index.php?rest_route=\/wp\/v2\/posts\/4238\/revisions"}],"wp:attachment":[{"href":"https:\/\/storytellers.se\/index.php?rest_route=%2Fwp%2Fv2%2Fmedia&parent=4238"}],"wp:term":[{"taxonomy":"category","embeddable":true,"href":"https:\/\/storytellers.se\/index.php?rest_route=%2Fwp%2Fv2%2Fcategories&post=4238"},{"taxonomy":"post_tag","embeddable":true,"href":"https:\/\/storytellers.se\/index.php?rest_route=%2Fwp%2Fv2%2Ftags&post=4238"}],"curies":[{"name":"wp","href":"https:\/\/api.w.org\/{rel}","templated":true}]}}