{"id":4232,"date":"2014-12-26T12:45:17","date_gmt":"2014-12-26T11:45:17","guid":{"rendered":"http:\/\/storytellers.se\/?p=4232"},"modified":"2014-12-26T12:45:17","modified_gmt":"2014-12-26T11:45:17","slug":"jag-pastar-att-jag-vet","status":"publish","type":"post","link":"https:\/\/storytellers.se\/?p=4232","title":{"rendered":"Jag p\u00e5st\u00e5r att jag vet&#8230;"},"content":{"rendered":"<p>Den 15 januari ska jag p\u00e5st\u00e5 att organisationer ber\u00e4ttar vare sig de vill eller inte. Och jag ska ocks\u00e5 p\u00e5st\u00e5 och argumentera f\u00f6r att utan ber\u00e4ttelser finns organisationer och f\u00f6retag inte. Jag ska visa n\u00e5gra starka 2-minutersfilmer, sk\u00f6rdade med hj\u00e4lp av <em>Heijbelmodellen<\/em>, som visar kraften i emotionell kommunikation och att den befolkar varum\u00e4rket. Jag \u00e4r beredd att m\u00f6ta fr\u00e5gorna och diskussionerna fr\u00e5n mina g\u00e4ster kring detta. Vill du vara en av dessa mina g\u00e4ster s\u00e5 anm\u00e4l dig till den kostnadsfria storytellingmorgonen den 15 januari 2015 <a href=\"http:\/\/storytellers.se\/2014\/12\/21\/bli-min-gast-15-januari\/\">via denna l\u00e4nk<\/a>.<\/p>\n","protected":false},"excerpt":{"rendered":"<p>Den 15 januari ska jag p\u00e5st\u00e5 att organisationer ber\u00e4ttar vare sig de vill eller inte. Och jag ska ocks\u00e5 p\u00e5st\u00e5 och argumentera f\u00f6r att utan ber\u00e4ttelser finns organisationer och f\u00f6retag inte. Jag ska visa n\u00e5gra starka 2-minutersfilmer, sk\u00f6rdade med hj\u00e4lp av Heijbelmodellen, som visar kraften i emotionell kommunikation och att den befolkar varum\u00e4rket. Jag \u00e4r&#8230;<\/p>\n","protected":false},"author":2,"featured_media":0,"comment_status":"open","ping_status":"open","sticky":false,"template":"","format":"standard","meta":[],"categories":[9],"tags":[],"_links":{"self":[{"href":"https:\/\/storytellers.se\/index.php?rest_route=\/wp\/v2\/posts\/4232"}],"collection":[{"href":"https:\/\/storytellers.se\/index.php?rest_route=\/wp\/v2\/posts"}],"about":[{"href":"https:\/\/storytellers.se\/index.php?rest_route=\/wp\/v2\/types\/post"}],"author":[{"embeddable":true,"href":"https:\/\/storytellers.se\/index.php?rest_route=\/wp\/v2\/users\/2"}],"replies":[{"embeddable":true,"href":"https:\/\/storytellers.se\/index.php?rest_route=%2Fwp%2Fv2%2Fcomments&post=4232"}],"version-history":[{"count":0,"href":"https:\/\/storytellers.se\/index.php?rest_route=\/wp\/v2\/posts\/4232\/revisions"}],"wp:attachment":[{"href":"https:\/\/storytellers.se\/index.php?rest_route=%2Fwp%2Fv2%2Fmedia&parent=4232"}],"wp:term":[{"taxonomy":"category","embeddable":true,"href":"https:\/\/storytellers.se\/index.php?rest_route=%2Fwp%2Fv2%2Fcategories&post=4232"},{"taxonomy":"post_tag","embeddable":true,"href":"https:\/\/storytellers.se\/index.php?rest_route=%2Fwp%2Fv2%2Ftags&post=4232"}],"curies":[{"name":"wp","href":"https:\/\/api.w.org\/{rel}","templated":true}]}}