{"id":4224,"date":"2014-12-25T11:29:22","date_gmt":"2014-12-25T10:29:22","guid":{"rendered":"http:\/\/storytellers.se\/?p=4224"},"modified":"2014-12-25T11:29:22","modified_gmt":"2014-12-25T10:29:22","slug":"politiska-och-religiosa-berattelser","status":"publish","type":"post","link":"https:\/\/storytellers.se\/?p=4224","title":{"rendered":"Politiska och religi\u00f6sa ber\u00e4ttelser"},"content":{"rendered":"<p>S\u00e5 h\u00e4r i julen s\u00e5 \u00e4r det en del som, speglat i den nuvarande politiska diskussionen, p\u00e5minner om att <strong>Jesus <\/strong>familj var flyktingar i Egypten en tid. Man drar g\u00e4rna paralleller till dagens flyktingsituation i Mellan\u00f6stern och ber\u00e4ttelsen speglar d\u00e4rmed ocks\u00e5 en kristen association.<\/p>\n<p>I politiken har man p\u00e5 senare \u00e5r, har jag m\u00e4rkt det efter 15 \u00e5r som storytellingmission\u00e4r, b\u00f6rjat tala om att &#8221;<em>vi beh\u00f6ver en ber\u00e4ttelse<\/em>&#8221; eller &#8221;<em>dagens retorik beh\u00f6ver visa<\/em>&#8221; eller att utan &#8221;<em>b\u00e4rande narrativer kommer vi ingenstans<\/em>&#8221;.<\/p>\n<p>Det p\u00e5minner om Pomperipossasagan som <strong>Astrid Lindgren<\/strong> skrev. Jag har haft den uppe m\u00e5ngas g\u00e5nger genom \u00e5ren. Hon ber\u00e4ttade om hur hon betalade 102 procent i skatt och att s\u00e5 m\u00e5nga procent finns ju inte ens. Jag har skrivit om den m\u00e5nga g\u00e5nger och jag minns att f d chefredakt\u00f6ren p\u00e5 <em>Expressen<\/em> ber\u00e4ttade f\u00f6r mig att d\u00e5varande finansministern <strong>Gunnar Str\u00e4ng<\/strong> direkt ins\u00e5g att den sagan skulle f\u00e4lla s-regeringen, vilket den ocks\u00e5 gjorde.<\/p>\n<p>Ber\u00e4ttelsens kraft i politiken helt enkelt.<\/p>\n<p>Pomperipossa dyker upp igen <a href=\"http:\/\/www.expressen.se\/nyheter\/dokument\/astrids-lindgrens-kamp-i-expressen\/\">i g\u00e5rdagens Expressen<\/a> d\u00e4r vi ocks\u00e5 f\u00e5r l\u00e4sa om n\u00e4r Astrid ber skinheadet <strong>Niklas<\/strong> att sluta <em>skinheadsa<\/em> sig.<\/p>\n","protected":false},"excerpt":{"rendered":"<p>S\u00e5 h\u00e4r i julen s\u00e5 \u00e4r det en del som, speglat i den nuvarande politiska diskussionen, p\u00e5minner om att Jesus familj var flyktingar i Egypten en tid. Man drar g\u00e4rna paralleller till dagens flyktingsituation i Mellan\u00f6stern och ber\u00e4ttelsen speglar d\u00e4rmed ocks\u00e5 en kristen association. I politiken har man p\u00e5 senare \u00e5r, har jag m\u00e4rkt det&#8230;<\/p>\n","protected":false},"author":2,"featured_media":0,"comment_status":"open","ping_status":"open","sticky":false,"template":"","format":"standard","meta":[],"categories":[3,9],"tags":[],"_links":{"self":[{"href":"https:\/\/storytellers.se\/index.php?rest_route=\/wp\/v2\/posts\/4224"}],"collection":[{"href":"https:\/\/storytellers.se\/index.php?rest_route=\/wp\/v2\/posts"}],"about":[{"href":"https:\/\/storytellers.se\/index.php?rest_route=\/wp\/v2\/types\/post"}],"author":[{"embeddable":true,"href":"https:\/\/storytellers.se\/index.php?rest_route=\/wp\/v2\/users\/2"}],"replies":[{"embeddable":true,"href":"https:\/\/storytellers.se\/index.php?rest_route=%2Fwp%2Fv2%2Fcomments&post=4224"}],"version-history":[{"count":0,"href":"https:\/\/storytellers.se\/index.php?rest_route=\/wp\/v2\/posts\/4224\/revisions"}],"wp:attachment":[{"href":"https:\/\/storytellers.se\/index.php?rest_route=%2Fwp%2Fv2%2Fmedia&parent=4224"}],"wp:term":[{"taxonomy":"category","embeddable":true,"href":"https:\/\/storytellers.se\/index.php?rest_route=%2Fwp%2Fv2%2Fcategories&post=4224"},{"taxonomy":"post_tag","embeddable":true,"href":"https:\/\/storytellers.se\/index.php?rest_route=%2Fwp%2Fv2%2Ftags&post=4224"}],"curies":[{"name":"wp","href":"https:\/\/api.w.org\/{rel}","templated":true}]}}