{"id":4215,"date":"2014-12-19T16:08:53","date_gmt":"2014-12-19T15:08:53","guid":{"rendered":"http:\/\/storytellers.se\/?p=4215"},"modified":"2014-12-19T16:08:53","modified_gmt":"2014-12-19T15:08:53","slug":"nyhetsbrev-94-ingen-kommer-undan","status":"publish","type":"post","link":"https:\/\/storytellers.se\/?p=4215","title":{"rendered":"Nyhetsbrev 94: Ingen kommer undan!"},"content":{"rendered":"<p>Detta nyhetsbrev har i dag g\u00e5tt ut till ca 3000 prenumeranter. Vill du ocks\u00e5 h\u00f6ra till dem som f\u00e5r det en g\u00e5ng i m\u00e5naden, givetvis kostnadsfritt och med m\u00f6jlighet att s\u00e4ga upp det med ett tangentklick? Skicka i s\u00e5 fall ett mejl till matts@storytellers.se med rubriken Nyhetsbrev s\u00e5 l\u00e4gger jag in dig.<\/p>\n<p><strong>Nyhetsbrev 94<\/strong><br \/>\nHej Storytellerv\u00e4n<br \/>\nDu f\u00e5r det h\u00e4r brevet f\u00f6r att du anm\u00e4lt dig, v\u00e5ra v\u00e4gar har m\u00f6tts, vi har bytt visitkort, jobbat tillsammans eller s\u00e5 har du varit p\u00e5 n\u00e5got av mina hundratals seminarier. Ingen prenumerant \u00e4r inplockad utan anledning.<\/p>\n<p>Jag, <strong>Matts Heijbel<\/strong>, skriver h\u00e4r det nittiofj\u00e4rde nyhetsbrevet p\u00e5 temat <em>Storytelling i och om organisationer<\/em>. Vid \u00e5rsskiftet g\u00e5r breven in i sin trettonde \u00e5rg\u00e5ng. Jag reflekterar m\u00e5nadsvis \u00f6ver vad som h\u00e4nder kring Storytelling \/ storylistening i och om organisationer och vad som pr\u00e4glar diskussionen just nu, utifr\u00e5n min horisont.<\/p>\n<p>Jag \u00e4r f\u00f6rfattare och journalist med socialantropologisk bakgrund och arbetar sen 15 \u00e5rs tid helt med <em>Corporate Storytelling och Storytelling i och om organisationer, varor och tj\u00e4nster<\/em>.<\/p>\n<p>++++++++++++++++++++++++++++++++++++++++++++++++++++++++++<\/p>\n<p>Det h\u00e4r jag p\u00e5st\u00e5r i rubriken att Ingen kommer undan ska jag reda ut lite redan h\u00e4r.<\/p>\n<p>M\u00e4nniskan \u00e4r, brukar jag p\u00e5st\u00e5, ett ber\u00e4ttande djur. Utan ber\u00e4ttelser finns vi inte och den m\u00e4nskliga organisation som inte ber\u00e4ttar klingar helt enkelt av och d\u00f6r. Jag betraktar detta som en naturlag.<br \/>\nOm vi studerar en traditionell kultur i exempelvis Amazonas eller p\u00e5 Afrikas horn, eller varf\u00f6r inte i dalasocknarna kring Siljan s\u00e5 \u00e4r det sj\u00e4lvklart f\u00f6r alla som h\u00f6r eller l\u00e4ser om dem att dessa kulturer har ber\u00e4ttelser. De har en folklore och en folkpoesi och vi kan studera dessa ber\u00e4ttelser och ber\u00f6ras och l\u00e4ra oss av dem.<\/p>\n<p>Ber\u00e4ttarkulturen visar vilka v\u00e4rderingar som styr och vilka normer som h\u00e5ller samman flocken och styr den mot \u00f6verlevnad.<\/p>\n<p>\u00d6versatt till dagens folkgrupper och flockar som \u00e5terfinns i f\u00f6retag och organisationer g\u00e4ller f\u00f6rst\u00e5s det samma. M\u00e4nniskan \u00e4r fortfarande ett ber\u00e4ttande djur och utan ber\u00e4ttelser finns vi inte. Detta f\u00e5r Oscarsvinnande N\u00e4r lammen tystnar-producenten <strong>Ed Saxon<\/strong> att p\u00e5st\u00e5 ungef\u00e4r f\u00f6ljande:<\/p>\n<p><em>Vilken verksamhet du \u00e4n \u00e4r i s\u00e5 \u00e4r du ocks\u00e5 automatiskt i Storytellingbranschen. De b\u00e4sta varum\u00e4rkena har helt enkelt de b\u00e4sta ber\u00e4ttelserna. Och den b\u00e4sta storyn vinner.<\/em><\/p>\n<p>Det \u00e4r utg\u00e5ngspunkten f\u00f6r Corporate Storytelling enligt <em>Heijbelmodellen<\/em>. S\u00e5 l\u00e5t oss ber\u00e4tta om var vi kommer ifr\u00e5n, var vi befinner oss i dag och vart vi \u00e4r p\u00e5 v\u00e4g. L\u00e5ta oss s\u00f6ka, finna och sk\u00f6rda ber\u00e4ttelser. L\u00e5t oss bygga ber\u00e4ttelser som ger oss riktning och framg\u00e5ng. L\u00e5t oss addera ber\u00e4ttelser till v\u00e5ra varor och tj\u00e4nster och inse v\u00e4rdet av att bygga och v\u00e5rda en ber\u00e4ttande organisation som anv\u00e4nder sitt kulturkapital.<\/p>\n<p>Det \u00e4r hela utg\u00e5ngspunkten n\u00e4r man jobbar med Corporate Storytelling enligt min modell och metod. Detta ryms l\u00e4tt i de poupul\u00e4ra talet om Content marketing vars fr\u00e4msta verktyg kryper fram i <em>Storytelling \/ Storylisteningt\u00e4nkandet<\/em>. Sen m\u00e5 det vara Forexfolket, Volvofolket, F\u00f6rskolefolket, Save-the-baltic-region-folket eller Svenska Kyrkanfolket. S\u00e5 \u00e4r det ocks\u00e5 n\u00e4r man medvetet bygger sitt personliga varum\u00e4rke.<\/p>\n<p>Jag kan f\u00e5 fram ett dussin s\u00e5dana ber\u00e4ttelser och \u00e4ven l\u00e5ta filma dem p\u00e5 en enda dag med min metod. Jag kan f\u00f6rst\u00e5s ocks\u00e5 ge mig in i l\u00e4ngre strategiska relationer d\u00e4r man steg f\u00f6r steg bygger en ber\u00e4ttande organisation. Men just rivstarten med sk\u00f6rd redan f\u00f6rsta dagen \u00e4r h\u00e4rlig, rolig och oerh\u00f6rt medvetandeg\u00f6rande.<\/p>\n<p>+++++++++++++++++++++++++++++++++++++++++++++++++++++++++++<\/p>\n<p>Jag har tr\u00e4ffat henne flera g\u00e5nger under senare \u00e5r. Hon heter <strong>Hanna Sofia Rehnberg<\/strong> och doktorerar vid <em>S\u00f6dert\u00f6rns h\u00f6gskola<\/em> med doktorsavhandlingen <strong><em>Organisationer ber\u00e4ttar \u2013 Narrativitet som resurs i strategisk kommunikation<\/em><\/strong>. Flera av exemplen hon har med i avhandlingen har hon f\u00e5tt fr\u00e5n mig och jag har varit involverad i dem.<\/p>\n<p>Detta \u00e4r mig veterligen den f\u00f6rsta doktorsavhandlingen i \u00e4mnet i Sverige. I andra l\u00e4nder finns det redan sedan l\u00e4nge ett akademiskt intresse f\u00f6r detta. Till exempel <em>Harvard<\/em> f\u00f6r vilka detta med business narratives sedan l\u00e4nge \u00e4r ett intressant omr\u00e5de.<\/p>\n<p>P\u00e5 Storytellers.se finns l\u00e4nken till avhandlingen.<\/p>\n<p>+++++++++++++++++++++++++++++++++++++++++++++++++++++++++++<\/p>\n<p>Aprop\u00e5 den akademiska v\u00e4rlden och Nobelpriset s\u00e5 h\u00f6rde jag f\u00f6r n\u00e5gra \u00e5r sedan en nobelpristagare intervjuas. Han fick d\u00e5 fr\u00e5gan om de var speciellt smarta p\u00e5 hans universitet eftersom de hade f\u00e5tt flera nobelpris genom \u00e5ren.<\/p>\n<p>Nej d\u00e5, sa han. Det \u00e4r matsalen och fiket som delas av alla p\u00e5 universitetet. Det \u00e4r d\u00e4r vi tr\u00e4ffas och det \u00e4r d\u00e4r vi kopplar av och blandar oss olika forskare och studenter. Kanske \u00f6ver ett glas \u00f6l.<br \/>\nVi ber\u00e4ttar f\u00f6r varandra och lyssnar p\u00e5 varandra och vid dessa korsbefruktande m\u00f6ten f\u00f6ds nya tankar som ibland leder hela v\u00e4gen fram till nobelpriset.<\/p>\n<p>Detta \u00e4r allts\u00e5 den gamla l\u00e4gerelden igen. Det personliga m\u00f6tet \u00e4r \u00f6verl\u00e4gset med \u00f6gon och kroppsspr\u00e5k men det hindrar f\u00f6rst\u00e5s inte att den miljard virtuella l\u00e4gereldar som utg\u00f6r <em>Facebook <\/em>ocks\u00e5 \u00e4r en slags l\u00e4gereldar i sociala media.<\/p>\n<p>Det \u00e4r eldar som vi t\u00e4nt f\u00f6r oss sj\u00e4lva, v\u00e5ra organisationer eller intressen och dit vi bjuder in dem som \u00e4r intresserade. D\u00e4r kan vi lyssna och ber\u00e4tta och ur ett Corporate Storytellingperspektiv hitta och sprida de ber\u00e4ttelserna som \u00e4r f\u00f6ruts\u00e4ttningen f\u00f6r framg\u00e5ng och \u00f6verlevnad.<\/p>\n<p>De flesta nobelprisen har n\u00e5gon stans i botten magiska \u00f6gonblick som visade v\u00e4gen och att h\u00f6ra dem ber\u00e4ttas \u00e4r bland det b\u00e4sta jag vet. Vad var det egentligen som h\u00e4nde? D\u00e4r finns skapelseber\u00e4ttelsen.<\/p>\n<p>+++++++++++++++++++++++++++++++++++++++++++++++++++++++++++<\/p>\n<p>Den 15 januari har jag ett av mina \u00e5terkommande morgonseminarier i Stockholm. Det kostar ingenting och jag bjuder p\u00e5 te, kaffe och n\u00e5got s\u00f6tt. Om du \u00e4r intresserad av att vara med d\u00e5 s\u00e5 mejlar du till matts@storytellers.se med rubriken 15 januari och skriver n\u00e5gon rad om vem du \u00e4r och varf\u00f6r du vill komma s\u00e5 \u00e5terkommer jag med koder med mera.<\/p>\n<p>Det var allt f\u00f6r denna g\u00e5ng. Jag som skrivit detta brev och de 93 tidigare nyhetsbreven heter Matts Heijbel och du har f\u00e5tt det eftersom vi haft med varandra att g\u00f6ra. Vill du inte vara med mera s\u00e5 kan du v\u00e4nda det med ett Nej tack s\u00e5 plockar jag bort dig ur prenumerationslistan.<\/p>\n<p>Hej s\u00e5 l\u00e4nge<br \/>\nH\u00e4lsar<br \/>\nMatts Heijbel<br \/>\nStockholm \/ Gr\u00f6dinge 19 december 2014<\/p>\n","protected":false},"excerpt":{"rendered":"<p>Detta nyhetsbrev har i dag g\u00e5tt ut till ca 3000 prenumeranter. Vill du ocks\u00e5 h\u00f6ra till dem som f\u00e5r det en g\u00e5ng i m\u00e5naden, givetvis kostnadsfritt och med m\u00f6jlighet att s\u00e4ga upp det med ett tangentklick? Skicka i s\u00e5 fall ett mejl till matts@storytellers.se med rubriken Nyhetsbrev s\u00e5 l\u00e4gger jag in dig. Nyhetsbrev 94 Hej&#8230;<\/p>\n","protected":false},"author":2,"featured_media":0,"comment_status":"open","ping_status":"open","sticky":false,"template":"","format":"standard","meta":[],"categories":[8,9],"tags":[],"_links":{"self":[{"href":"https:\/\/storytellers.se\/index.php?rest_route=\/wp\/v2\/posts\/4215"}],"collection":[{"href":"https:\/\/storytellers.se\/index.php?rest_route=\/wp\/v2\/posts"}],"about":[{"href":"https:\/\/storytellers.se\/index.php?rest_route=\/wp\/v2\/types\/post"}],"author":[{"embeddable":true,"href":"https:\/\/storytellers.se\/index.php?rest_route=\/wp\/v2\/users\/2"}],"replies":[{"embeddable":true,"href":"https:\/\/storytellers.se\/index.php?rest_route=%2Fwp%2Fv2%2Fcomments&post=4215"}],"version-history":[{"count":0,"href":"https:\/\/storytellers.se\/index.php?rest_route=\/wp\/v2\/posts\/4215\/revisions"}],"wp:attachment":[{"href":"https:\/\/storytellers.se\/index.php?rest_route=%2Fwp%2Fv2%2Fmedia&parent=4215"}],"wp:term":[{"taxonomy":"category","embeddable":true,"href":"https:\/\/storytellers.se\/index.php?rest_route=%2Fwp%2Fv2%2Fcategories&post=4215"},{"taxonomy":"post_tag","embeddable":true,"href":"https:\/\/storytellers.se\/index.php?rest_route=%2Fwp%2Fv2%2Ftags&post=4215"}],"curies":[{"name":"wp","href":"https:\/\/api.w.org\/{rel}","templated":true}]}}