{"id":4189,"date":"2014-12-03T21:58:50","date_gmt":"2014-12-03T20:58:50","guid":{"rendered":"http:\/\/storytellers.se\/?p=4189"},"modified":"2014-12-03T21:58:50","modified_gmt":"2014-12-03T20:58:50","slug":"har-du-inget-sprak","status":"publish","type":"post","link":"https:\/\/storytellers.se\/?p=4189","title":{"rendered":"Har du inget spr\u00e5k?"},"content":{"rendered":"<p>Det var en f\u00f6rskola i stadsdelen d\u00e4r alla barnen har ett annat modersm\u00e5l \u00e4n just svenska. Barnen rusade glatt och livligt fram till f\u00f6rskolechefen som de uppfattade som vilken fr\u00f6ken som helst. De b\u00f6rjade kramas och k\u00e4nna p\u00e5 hennes kl\u00e4der.<\/p>\n<p>Jag har arbetat en del med H\u00e4sselby \/ V\u00e4llingby stadsdelsf\u00f6rvaltning i Stockholm Stad. D\u00e4r h\u00f6rde jag en f\u00f6rskolechef ber\u00e4tta om n\u00e4r hon kom till en f\u00f6rskola en dag. Inspirationsf\u00f6rel\u00e4sning, workshop, sk\u00f6rdefest och ett tiotal filmer ordnade vi p\u00e5 en enda dag:<\/p>\n<p>[wpvideo t8ptRrYA]<\/p>\n","protected":false},"excerpt":{"rendered":"<p>Det var en f\u00f6rskola i stadsdelen d\u00e4r alla barnen har ett annat modersm\u00e5l \u00e4n just svenska. Barnen rusade glatt och livligt fram till f\u00f6rskolechefen som de uppfattade som vilken fr\u00f6ken som helst. De b\u00f6rjade kramas och k\u00e4nna p\u00e5 hennes kl\u00e4der. Jag har arbetat en del med H\u00e4sselby \/ V\u00e4llingby stadsdelsf\u00f6rvaltning i Stockholm Stad. D\u00e4r h\u00f6rde&#8230;<\/p>\n","protected":false},"author":2,"featured_media":0,"comment_status":"closed","ping_status":"closed","sticky":false,"template":"","format":"standard","meta":[],"categories":[3],"tags":[],"_links":{"self":[{"href":"https:\/\/storytellers.se\/index.php?rest_route=\/wp\/v2\/posts\/4189"}],"collection":[{"href":"https:\/\/storytellers.se\/index.php?rest_route=\/wp\/v2\/posts"}],"about":[{"href":"https:\/\/storytellers.se\/index.php?rest_route=\/wp\/v2\/types\/post"}],"author":[{"embeddable":true,"href":"https:\/\/storytellers.se\/index.php?rest_route=\/wp\/v2\/users\/2"}],"replies":[{"embeddable":true,"href":"https:\/\/storytellers.se\/index.php?rest_route=%2Fwp%2Fv2%2Fcomments&post=4189"}],"version-history":[{"count":0,"href":"https:\/\/storytellers.se\/index.php?rest_route=\/wp\/v2\/posts\/4189\/revisions"}],"wp:attachment":[{"href":"https:\/\/storytellers.se\/index.php?rest_route=%2Fwp%2Fv2%2Fmedia&parent=4189"}],"wp:term":[{"taxonomy":"category","embeddable":true,"href":"https:\/\/storytellers.se\/index.php?rest_route=%2Fwp%2Fv2%2Fcategories&post=4189"},{"taxonomy":"post_tag","embeddable":true,"href":"https:\/\/storytellers.se\/index.php?rest_route=%2Fwp%2Fv2%2Ftags&post=4189"}],"curies":[{"name":"wp","href":"https:\/\/api.w.org\/{rel}","templated":true}]}}