{"id":4182,"date":"2014-11-25T20:59:53","date_gmt":"2014-11-25T19:59:53","guid":{"rendered":"http:\/\/storytellers.se\/?p=4182"},"modified":"2014-11-25T20:59:53","modified_gmt":"2014-11-25T19:59:53","slug":"heijbelmodellen-utvarderades","status":"publish","type":"post","link":"https:\/\/storytellers.se\/?p=4182","title":{"rendered":"4,9 av 5,0 n\u00e4r Heijbelmodellen utv\u00e4rderades"},"content":{"rendered":"<p><em><strong>Heijbelmodellen<\/strong><\/em> garanterar en f\u00f6rsta grundsk\u00f6rd av stories redan p\u00e5 en halvdag. Ska n\u00e5gra av deltagarna dessutom coachas och filmas direkt f\u00f6r att l\u00e4gga grunden till en f\u00f6rsta storyrepertoar tillkommer ytterligare n\u00e5gra timmar d\u00e5 de kan filmas. Nu har modellen utv\u00e4rderats igen av kunderna. <em>4,9 av 5,0<\/em> m\u00f6jliga blev betyget. F\u00f6rl\u00e5t, det \u00e4r inte skryt. Jag \u00e4r helt enkelt stolt \u00f6ver att metoden fungerar s\u00e5 bra i alla milj\u00f6er. Privata, offentliga, ideella, stora och sm\u00e5.<\/p>\n<p>Den h\u00e4r g\u00e5ngen var det ett halvdagsseminarium enligt Heijbelmodellen med chefer i <em>Humana<\/em>, som \u00e4r ett privat id\u00e9buret omsorgsf\u00f6retag med 12.000 medarbetare. Det var de som fick g\u00e5 igenom processen att visa nyttan med verksamheten och befolka sitt varum\u00e4rke. S\u00e5 h\u00e4r kunde kommentarerna vara ut\u00f6ver sj\u00e4lva betyget 4,9.<\/p>\n<p><strong>\u2013 Storytelling var kanon!<br \/>\n\u2013 Konkret och tydligt!<br \/>\n\u2013 Bra att passa p\u00e5 att spela in direkt.<br \/>\n\u2013 Intressant och givande.<br \/>\n\u2013 Blir ett inslag direkt i mitt praktiska arbete.<br \/>\n\u2013 Storytelling och Matts gav mig bra p\u00e5fyllnad.<\/strong><\/p>\n","protected":false},"excerpt":{"rendered":"<p>Heijbelmodellen garanterar en f\u00f6rsta grundsk\u00f6rd av stories redan p\u00e5 en halvdag. Ska n\u00e5gra av deltagarna dessutom coachas och filmas direkt f\u00f6r att l\u00e4gga grunden till en f\u00f6rsta storyrepertoar tillkommer ytterligare n\u00e5gra timmar d\u00e5 de kan filmas. Nu har modellen utv\u00e4rderats igen av kunderna. 4,9 av 5,0 m\u00f6jliga blev betyget. F\u00f6rl\u00e5t, det \u00e4r inte skryt. Jag&#8230;<\/p>\n","protected":false},"author":2,"featured_media":0,"comment_status":"open","ping_status":"open","sticky":false,"template":"","format":"standard","meta":[],"categories":[7],"tags":[],"_links":{"self":[{"href":"https:\/\/storytellers.se\/index.php?rest_route=\/wp\/v2\/posts\/4182"}],"collection":[{"href":"https:\/\/storytellers.se\/index.php?rest_route=\/wp\/v2\/posts"}],"about":[{"href":"https:\/\/storytellers.se\/index.php?rest_route=\/wp\/v2\/types\/post"}],"author":[{"embeddable":true,"href":"https:\/\/storytellers.se\/index.php?rest_route=\/wp\/v2\/users\/2"}],"replies":[{"embeddable":true,"href":"https:\/\/storytellers.se\/index.php?rest_route=%2Fwp%2Fv2%2Fcomments&post=4182"}],"version-history":[{"count":0,"href":"https:\/\/storytellers.se\/index.php?rest_route=\/wp\/v2\/posts\/4182\/revisions"}],"wp:attachment":[{"href":"https:\/\/storytellers.se\/index.php?rest_route=%2Fwp%2Fv2%2Fmedia&parent=4182"}],"wp:term":[{"taxonomy":"category","embeddable":true,"href":"https:\/\/storytellers.se\/index.php?rest_route=%2Fwp%2Fv2%2Fcategories&post=4182"},{"taxonomy":"post_tag","embeddable":true,"href":"https:\/\/storytellers.se\/index.php?rest_route=%2Fwp%2Fv2%2Ftags&post=4182"}],"curies":[{"name":"wp","href":"https:\/\/api.w.org\/{rel}","templated":true}]}}