{"id":4175,"date":"2014-11-20T20:56:24","date_gmt":"2014-11-20T19:56:24","guid":{"rendered":"http:\/\/storytellers.se\/?p=4175"},"modified":"2014-11-20T20:56:24","modified_gmt":"2014-11-20T19:56:24","slug":"nyhetsbrev-93-vad-fan-har-du-gjort-med-min-fru","status":"publish","type":"post","link":"https:\/\/storytellers.se\/?p=4175","title":{"rendered":"Nyhetsbrev 93: Vad fan har du gjort med min fru?"},"content":{"rendered":"<p>Detta nyhetsbrev g\u00e5r nu ut till mina cirka 3000 prenumeranter. Vill du ha det regelbundet och direkt s\u00e5 mejla <em>Nyhetsbrev<\/em> till matts@storytellers.se<\/p>\n<p>Hej Storytellerv\u00e4n,<\/p>\n<p>Detta \u00e4r det nittiotredje nyhetsbrevet fr\u00e5n Storytellers. Jag reflekterar som vanligt lite \u00f6ver vad som g\u00e5tt genom mina tankar sedan senast. Jag passar ocks\u00e5 p\u00e5 att bjuda in dig som g\u00e4st till ett av mina \u00e5terkommande frukostseminarier som denna g\u00e5ng blir den 3 december, mer om det l\u00e4ngre ned.<\/p>\n<p>Du kan f\u00f6rresten ocks\u00e5 v\u00e4lja att g\u00e5 p\u00e5 ett halvdagsseminarium som jag h\u00e5ller hos Marknadsf\u00f6reningen i Stockholm den 27 november, se mer om detta p\u00e5 <a href=\"http:\/\/www.mis.se\/event\/kurs-corporate-storytelling\/#.VG5JFCjC8Tx\">mis.se<\/a><\/p>\n<p>+++++++++++++++++++++++++++++++++++++++++++++++++<\/p>\n<p>Alla m\u00e4nniskor \u00e4r p\u00e5 olika s\u00e4tt involverade i organisationer. Organisation \u00e4r helt enkelt ett begrepp som inneb\u00e4r att m\u00e4nniskor h\u00f6r ihop p\u00e5 n\u00e5got s\u00e4tt och utr\u00e4ttar n\u00e5got tillsammans. I Corporate Storytelling-sammanhang intresserar man sig f\u00f6r dessa organisationers ber\u00e4ttelser om dem sj\u00e4lva, deras medarbetare, kunder, varor och tj\u00e4nster.<\/p>\n<p>Ibland handlar det om stora internationella organisationer typ Volvo, EU, Ikea eller Katolska Kyrkan. Ibland kommer vi hela v\u00e4gen ned till de allra minsta organisationerna som f\u00e5mansf\u00f6retagen eller lokala intressef\u00f6reningar och ytterst kommer man \u00e4nda ned till individen och det personliga varum\u00e4rket.<\/p>\n<p>Gemensamt \u00e4r att alla kulturer, fr\u00e5n individens till den internationella organisationens, b\u00e4rs av kulturb\u00e4rande ber\u00e4ttelser. Annars finns de liksom inte. Utan ber\u00e4ttelser \u00e4r man osynlig och den som inte ber\u00e4ttar d\u00f6r faktiskt ytterst ut. Den som hanterar detta ber\u00e4ttarkapital p\u00e5 b\u00e4sta s\u00e4tt vinner d\u00e4remot.<\/p>\n<p>Sanna emotionella ber\u00e4ttelser som visar h\u00e4ndelser som bekr\u00e4ftar meningen med att man finns och varf\u00f6r man driver sin verksamhet \u00e4r en framg\u00e5ngsfaktor som ingen borde ignorera. Inser man det s\u00e5 \u00e4r man storymedveten.<\/p>\n<p>+++++++++++++++++++++++++++++++++++++++++++++++++<\/p>\n<p>Jag h\u00f6ll h\u00e4romdagen ett seminarium med ett trettiotal kvinnor (och en man). De flesta var den h\u00e4r g\u00e5ngen sm\u00e5f\u00f6retagare som hade kommit f\u00f6r att l\u00e5ta sig inspireras av ber\u00e4ttandets kraft i arbetet med att befolka det egna varum\u00e4rket.<\/p>\n<p>Jag provocerade kreativt i vanlig ordning efter mitt inledande \u00f6ppnande brandtal: Vad var det som h\u00e4nde? Hur blev det s\u00e5 h\u00e4r i ditt liv? Finns det n\u00e5gon kund eller klient som du aldrig gl\u00f6mmer? Vad \u00e4r det f\u00f6r mening med att h\u00e5lla p\u00e5 som du g\u00f6r?<\/p>\n<p>Healing tillh\u00f6r i Sverige en bransch som ofta klassas som alternativ- eller komplement\u00e4rmedicinsk.  D\u00e5 f\u00e5r man inte p\u00e5st\u00e5 vad som helst eftersom lagstiftningen hindrar dem. <\/p>\n<p>En av deltagarna var healer, Hon valde d\u00e5 att ber\u00e4tta om en kund eller klient som kom till henne f\u00f6r att f\u00e5 ta del av lite healing. Att ber\u00e4tta om en h\u00e4ndelse \u00e4r ju inte f\u00f6rbjudet ens f\u00f6r en healer.<\/p>\n<p>Healern ber\u00e4ttade att hon en dag v\u00e4lkomnat en ny klient in i sin klinik.<\/p>\n<p>Klienten lade sig p\u00e5 britsen och bad lite f\u00f6rsiktigt om att f\u00e5 en behandling. Det var f\u00f6rsta g\u00e5ngen i hennes liv. Healern f\u00f6rde sina helande h\u00e4nder \u00f6ver klienten som sakta gled in i sin egen v\u00e4rld medan behandlingen p\u00e5gick.<\/p>\n<p>Efter behandlingen b\u00f6rjade klienten tala om sin mamma och om minnen fr\u00e5n sitt tidigare liv. Hon k\u00e4nde sig lite orolig och utmattad och fick d\u00e4rf\u00f6r vila en stund innan hon skulle g\u00e5 hem. Healern, som vet att healingen kan frig\u00f6ra starka krafter och k\u00e4nslor, fascinerades av klientens alla funderingar. Sen skildes de \u00e5t.<\/p>\n<p>N\u00e5gra timmar senare ringde telefonen och en mansr\u00f6st i andra \u00e4nden skrek: <em>Vad fan har du gjort med min fru?<\/em><\/p>\n<p>Mannen och healern talade lite med varandra och healern sa att hon genast kunde komma hem till paret. Det fick hon. Med mannen bevakande i rummet masserade hon stilla kvinnans f\u00f6tter och m\u00e4rkte att situationen lugnade ned sig. Sen sa healern tack och adj\u00f6 och \u00e5kte tillbaks till sin klinik.<\/p>\n<p>N\u00e5gon dag senare ringde mannen och tackade. Han sa att han hade f\u00e5tt en ny och f\u00f6rdjupad kontakt med sin fru och var f\u00f6rundrad \u00f6ver att frun inte tidigare hade talat med honom om allt som nu kom ur henne.<\/p>\n<p><em>\u2013 Tack f\u00f6r att du f\u00f6rdjupat v\u00e5r relation, sa han till healern. Tack!<\/em><\/p>\n<p>+++++++++++++++++++++++++++++++++++++++++++++++++\t<\/p>\n<p>N\u00e4r man talar om klient- eller patientrelationer m\u00e5ste man f\u00f6rst\u00e5s alltid t\u00e4nka p\u00e5 integritet och tystnadsplikt. L\u00e4mnar man ut n\u00e5gon eller inte? Ska man f\u00f6r s\u00e4kerhets skull inte ber\u00e4tta alls. <\/p>\n<p>Jag tror att man kan vara varsam genom att inte ge f\u00f6r m\u00e5nga faktadetaljer. Man kan f\u00f6rst\u00e5s alltid fr\u00e5ga kunden \/ klienten \/ patienten om man i anonymiserad form f\u00e5r ber\u00e4tta om de gemensamma erfarenheterna. Det g\u00e5r alltid att fr\u00e5ga och jag vet, efter att ha arbetet en hel del med exempelvis socialtj\u00e4nstber\u00e4ttelser, att man brukar f\u00e5 okej om man tar det i avidentifierad form.<\/p>\n<p>Detta g\u00e4ller f\u00f6r \u00f6vrigt \u00e4ven mindre dramatiska v\u00e4rldar och ofta \u00e4r ber\u00e4ttelser ur kundens \/ klientens \/ patientens egen mun de allra starkaste. Jag har f\u00f6r \u00f6vrigt arbetat en hel del med olika kroppsterapigrupper och vet att de har fantastiska ber\u00e4ttelser om vad som h\u00e4nder i deras yrkesv\u00e4rld.<\/p>\n<p>Alla m\u00e4nskligt drivna f\u00f6retag och organisationer har befolkade ber\u00e4ttelser som visar var de kommer ifr\u00e5n, var de befinner sig nu och vart de \u00e4r p\u00e5 v\u00e4g.<\/p>\n<p>+++++++++++++++++++++++++++++++++++++++++++++++++<\/p>\n<p>Vill du komma som min g\u00e4st p\u00e5 frukostf\u00f6rel\u00e4sning i Stockholm den 3 december s\u00e5 f\u00e5r du g\u00e5 in p\u00e5 www.storytellers.se och se hur man anm\u00e4ler sig. Du \u00e4r min g\u00e4st vilket inneb\u00e4r att frukostseminariet \u00e4r kostnadsfritt. Jag ger m\u00e4ngder av exempel och visar exempel p\u00e5 korta oklippta storyfilmer som jag varit med att ta fram.<\/p>\n<p>Vill du best\u00e4lla ett ex av tredje upplagan av min bok Storytelling befolkar varum\u00e4rket s\u00e5 kan du f\u00e5 den billigare om du mejlar mig. D\u00e5 f\u00e5r du den d\u00e5 till f\u00f6rlagspris. Skicka i s\u00e5 fall ett mejl med rubriken: Bok och bifoga faktura- och leveransadress s\u00e5 ger jag uppgiften vidare till f\u00f6rlaget och du f\u00e5r boken inom n\u00e5gra dagar med och faktura. 200 sek inkl moms kostar den d\u00e5. Betydligt billigare \u00e4n i bokhandeln. Porto tillkommer.<\/p>\n<p>Detta var allt f\u00f6r denna g\u00e5ng. Jag som skriver heter <strong>Matts Heijbel<\/strong>. Jag \u00e4r f\u00f6rfattare och journalist med socialantropologisk bakgrund. Sen femton \u00e5r arbetar jag helt med Corporate Storytelling. Jag har arbetat med flera hundra svenska och internationella organisationer.<\/p>\n<p>Du f\u00e5r brevet f\u00f6r att just vi har samarbetat eller bytt visitkort. Du har annars sj\u00e4lv anm\u00e4lt dig via storytellers.se eller varit p\u00e5 mina seminarier. Vill du inte vara med s\u00e5 kan du v\u00e4nda nyhetsbrevet med ett: Nej tack, s\u00e5 tar jag bort dig ur s\u00e4ndlistan.<\/p>\n<p>Tack f\u00f6r denna g\u00e5ng<\/p>\n<p>H\u00e4lsar<\/p>\n<p><strong>Matts Heijbel<\/strong><\/p>\n<p>Gr\u00f6dinge \/ Stockholm  20 november 2014 <\/p>\n","protected":false},"excerpt":{"rendered":"<p>Detta nyhetsbrev g\u00e5r nu ut till mina cirka 3000 prenumeranter. Vill du ha det regelbundet och direkt s\u00e5 mejla Nyhetsbrev till matts@storytellers.se Hej Storytellerv\u00e4n, Detta \u00e4r det nittiotredje nyhetsbrevet fr\u00e5n Storytellers. Jag reflekterar som vanligt lite \u00f6ver vad som g\u00e5tt genom mina tankar sedan senast. Jag passar ocks\u00e5 p\u00e5 att bjuda in dig som g\u00e4st&#8230;<\/p>\n","protected":false},"author":2,"featured_media":0,"comment_status":"closed","ping_status":"closed","sticky":false,"template":"","format":"standard","meta":[],"categories":[8],"tags":[],"_links":{"self":[{"href":"https:\/\/storytellers.se\/index.php?rest_route=\/wp\/v2\/posts\/4175"}],"collection":[{"href":"https:\/\/storytellers.se\/index.php?rest_route=\/wp\/v2\/posts"}],"about":[{"href":"https:\/\/storytellers.se\/index.php?rest_route=\/wp\/v2\/types\/post"}],"author":[{"embeddable":true,"href":"https:\/\/storytellers.se\/index.php?rest_route=\/wp\/v2\/users\/2"}],"replies":[{"embeddable":true,"href":"https:\/\/storytellers.se\/index.php?rest_route=%2Fwp%2Fv2%2Fcomments&post=4175"}],"version-history":[{"count":0,"href":"https:\/\/storytellers.se\/index.php?rest_route=\/wp\/v2\/posts\/4175\/revisions"}],"wp:attachment":[{"href":"https:\/\/storytellers.se\/index.php?rest_route=%2Fwp%2Fv2%2Fmedia&parent=4175"}],"wp:term":[{"taxonomy":"category","embeddable":true,"href":"https:\/\/storytellers.se\/index.php?rest_route=%2Fwp%2Fv2%2Fcategories&post=4175"},{"taxonomy":"post_tag","embeddable":true,"href":"https:\/\/storytellers.se\/index.php?rest_route=%2Fwp%2Fv2%2Ftags&post=4175"}],"curies":[{"name":"wp","href":"https:\/\/api.w.org\/{rel}","templated":true}]}}