{"id":4162,"date":"2014-11-11T15:41:00","date_gmt":"2014-11-11T14:41:00","guid":{"rendered":"http:\/\/storytellers.se\/?p=4162"},"modified":"2014-11-11T15:41:00","modified_gmt":"2014-11-11T14:41:00","slug":"pojken-och-duvan-2","status":"publish","type":"post","link":"https:\/\/storytellers.se\/?p=4162","title":{"rendered":"Pojken och duvan"},"content":{"rendered":"<p><strong>Helena<\/strong> lyssnade p\u00e5 den f\u00f6rtvivlade pojken som i sin desperation bara ville bort. Han ville vara en duva, sa han.<\/p>\n<p>Vi fann den n\u00e4r jag haft ett inspirationsseminarium f\u00f6ljt av workshop, sk\u00f6rdefest och direkt oklippt filmning tillsammans med <strong>Humana<\/strong>. De som kallar sig Sveriges ledande privata id\u00e9drivna omsorgsf\u00f6retag och har 12.000 medarbetare \u00f6ver hela landet. Humana arbetar efter visionen att alla ska ha r\u00e4tt till ett bra liv.<\/p>\n<p>Den h\u00e4r filmen handlar om en pojke under tv\u00e5ngsv\u00e5rd. Den spelades efter kort coachning in direkt efter min inspirationsf\u00f6rel\u00e4sning och sk\u00f6rd och filmades som direkt i en enda tagning utan manus.<\/p>\n<p>Inom loppet av en enda dag producerade vi \u00e5tta liknande filmer, de kortaste bara dryga minuten l\u00e5nga. Fr\u00e5n noll till 8 klara inspelningar med h\u00e4ndelsebaserat ber\u00e4ttande p\u00e5 bara 6 timmar.<\/p>\n<p>[wpvideo 4VZD9G29]<\/p>\n","protected":false},"excerpt":{"rendered":"<p>Helena lyssnade p\u00e5 den f\u00f6rtvivlade pojken som i sin desperation bara ville bort. Han ville vara en duva, sa han. Vi fann den n\u00e4r jag haft ett inspirationsseminarium f\u00f6ljt av workshop, sk\u00f6rdefest och direkt oklippt filmning tillsammans med Humana. De som kallar sig Sveriges ledande privata id\u00e9drivna omsorgsf\u00f6retag och har 12.000 medarbetare \u00f6ver hela landet&#8230;.<\/p>\n","protected":false},"author":2,"featured_media":0,"comment_status":"open","ping_status":"open","sticky":false,"template":"","format":"standard","meta":[],"categories":[3],"tags":[],"_links":{"self":[{"href":"https:\/\/storytellers.se\/index.php?rest_route=\/wp\/v2\/posts\/4162"}],"collection":[{"href":"https:\/\/storytellers.se\/index.php?rest_route=\/wp\/v2\/posts"}],"about":[{"href":"https:\/\/storytellers.se\/index.php?rest_route=\/wp\/v2\/types\/post"}],"author":[{"embeddable":true,"href":"https:\/\/storytellers.se\/index.php?rest_route=\/wp\/v2\/users\/2"}],"replies":[{"embeddable":true,"href":"https:\/\/storytellers.se\/index.php?rest_route=%2Fwp%2Fv2%2Fcomments&post=4162"}],"version-history":[{"count":0,"href":"https:\/\/storytellers.se\/index.php?rest_route=\/wp\/v2\/posts\/4162\/revisions"}],"wp:attachment":[{"href":"https:\/\/storytellers.se\/index.php?rest_route=%2Fwp%2Fv2%2Fmedia&parent=4162"}],"wp:term":[{"taxonomy":"category","embeddable":true,"href":"https:\/\/storytellers.se\/index.php?rest_route=%2Fwp%2Fv2%2Fcategories&post=4162"},{"taxonomy":"post_tag","embeddable":true,"href":"https:\/\/storytellers.se\/index.php?rest_route=%2Fwp%2Fv2%2Ftags&post=4162"}],"curies":[{"name":"wp","href":"https:\/\/api.w.org\/{rel}","templated":true}]}}