{"id":4150,"date":"2014-11-10T10:35:40","date_gmt":"2014-11-10T09:35:40","guid":{"rendered":"http:\/\/storytellers.se\/?p=4150"},"modified":"2014-11-10T10:35:40","modified_gmt":"2014-11-10T09:35:40","slug":"vems-varderingar-2","status":"publish","type":"post","link":"https:\/\/storytellers.se\/?p=4150","title":{"rendered":"Vems v\u00e4rderingar?"},"content":{"rendered":"<p><strong>Fr\u00e5ga:<\/strong><br \/>\nDu s\u00e4ger att ber\u00e4ttelser handlar om v\u00e4rderingar? Vems v\u00e4rderingar? Delar du alltid dina uppdragsgivares v\u00e4rderingar?<br \/>\n<strong>Svar:<\/strong><br \/>\nNej. Jag visar ett verktyg. Men alla ber\u00e4ttelser visar f\u00f6rst\u00e5s v\u00e4rderingar p\u00e5 ett eller annat s\u00e4tt. Bara att yttra sig \u00e4r ytterst ett uttryck f\u00f6r en m\u00e4nsklig v\u00e4rdering. Det g\u00e4ller ocks\u00e5 i Corporate Storytelling. Vill du lyssna och p\u00e5verka? P\u00e5 vilket s\u00e4tt vill du anv\u00e4nda den sanna ber\u00e4ttelsen f\u00f6r att bygga bilden av din verksamhet och dina varor eller tj\u00e4nster?<\/p>\n<p>S\u00e5 ser jag det.<\/p>\n<p>N\u00e4r jag kommer till ett internationellt storf\u00f6retag s\u00e5 hj\u00e4lper jag dem att se och leva och uttrycka sina v\u00e4rderingar anekdotiskt i ber\u00e4ttelser som st\u00e4mmer med deras syns\u00e4tt. Det samma n\u00e4r jag kommer till den lokala sm\u00e5f\u00f6retagaren eller till myndigheten.<\/p>\n<p>N\u00e4r jag jobbar i EU-sammanhang s\u00e5 blir det ibland personliga och befolkade gr\u00e4ns\u00f6verskridande ber\u00e4ttelser om meningen med att man h\u00e5ller p\u00e5 med ett europeiskt projekt och kanske befolkade ber\u00e4ttelser som legitimerar meningen med detta. <\/p>\n<p>N\u00e4r jag kommer till ideella organisationer \u00e4r det det samma. Vad vill ni? Varf\u00f6r ska andra bry sig om detta? Finns det befolkade ber\u00e4ttelser som visar detta. Ideella organisationer \u00e4r ofta v\u00e4ldigt abstrakt ideologiska och kan vara sv\u00e5ra att f\u00f6rst\u00e5 sig p\u00e5 om man inte redan \u00e4r en del av tankegodset.<\/p>\n<p>Jag har haft uppdrag b\u00e5de hos politiska och religi\u00f6sa organisationer och aldrig sett det p\u00e5 ett annat s\u00e4tt \u00e4n att jag kommer dit med ett perspektiv om att de rimligen m\u00e5ste ha en kultur som visar varf\u00f6r de finns, var de kommer ifr\u00e5n, vart de \u00e4r p\u00e5 v\u00e4g och vad de vill.<\/p>\n<p>Jag beh\u00f6ver inte till varje pris dela alla dessa v\u00e4rderingar men jag beh\u00f6ver f\u00f6rst\u00e5 varf\u00f6r de finns och p\u00e5 vilket s\u00e4tt det anekdotiska ber\u00e4ttandet kan hj\u00e4lpa dem till framg\u00e5ng b\u00e5de p\u00e5 \u201did\u00e9marknaden\u201d och n\u00e4r de ska f\u00e5 legitimitet och locka till sig medlemmar och sympatis\u00f6rer.<\/p>\n","protected":false},"excerpt":{"rendered":"<p>Fr\u00e5ga: Du s\u00e4ger att ber\u00e4ttelser handlar om v\u00e4rderingar? Vems v\u00e4rderingar? Delar du alltid dina uppdragsgivares v\u00e4rderingar? Svar: Nej. Jag visar ett verktyg. Men alla ber\u00e4ttelser visar f\u00f6rst\u00e5s v\u00e4rderingar p\u00e5 ett eller annat s\u00e4tt. Bara att yttra sig \u00e4r ytterst ett uttryck f\u00f6r en m\u00e4nsklig v\u00e4rdering. Det g\u00e4ller ocks\u00e5 i Corporate Storytelling. Vill du lyssna och&#8230;<\/p>\n","protected":false},"author":2,"featured_media":0,"comment_status":"open","ping_status":"open","sticky":false,"template":"","format":"standard","meta":[],"categories":[6],"tags":[],"_links":{"self":[{"href":"https:\/\/storytellers.se\/index.php?rest_route=\/wp\/v2\/posts\/4150"}],"collection":[{"href":"https:\/\/storytellers.se\/index.php?rest_route=\/wp\/v2\/posts"}],"about":[{"href":"https:\/\/storytellers.se\/index.php?rest_route=\/wp\/v2\/types\/post"}],"author":[{"embeddable":true,"href":"https:\/\/storytellers.se\/index.php?rest_route=\/wp\/v2\/users\/2"}],"replies":[{"embeddable":true,"href":"https:\/\/storytellers.se\/index.php?rest_route=%2Fwp%2Fv2%2Fcomments&post=4150"}],"version-history":[{"count":0,"href":"https:\/\/storytellers.se\/index.php?rest_route=\/wp\/v2\/posts\/4150\/revisions"}],"wp:attachment":[{"href":"https:\/\/storytellers.se\/index.php?rest_route=%2Fwp%2Fv2%2Fmedia&parent=4150"}],"wp:term":[{"taxonomy":"category","embeddable":true,"href":"https:\/\/storytellers.se\/index.php?rest_route=%2Fwp%2Fv2%2Fcategories&post=4150"},{"taxonomy":"post_tag","embeddable":true,"href":"https:\/\/storytellers.se\/index.php?rest_route=%2Fwp%2Fv2%2Ftags&post=4150"}],"curies":[{"name":"wp","href":"https:\/\/api.w.org\/{rel}","templated":true}]}}