{"id":4143,"date":"2014-10-20T12:54:00","date_gmt":"2014-10-20T10:54:00","guid":{"rendered":"http:\/\/storytellers.se\/?p=4143"},"modified":"2014-10-20T12:54:00","modified_gmt":"2014-10-20T10:54:00","slug":"hjalp-spraket-att-visa-nyttan","status":"publish","type":"post","link":"https:\/\/storytellers.se\/?p=4143","title":{"rendered":"Hj\u00e4lp spr\u00e5ket att visa nyttan"},"content":{"rendered":"<p>Jag arbetar ibland med EU-finansierade organisationer som arbetar innanf\u00f6r EU:s yttre murar. Jag har varit med n\u00e4r deltagare fr\u00e5n 8 l\u00e4nder umg\u00e5s p\u00e5 engelska trots att ingen av dem har engelska som modersm\u00e5l. De fyller d\u00e5 ofta sitt spr\u00e5k med instuderade koder och f\u00f6rkortningar och h\u00e4nvisningar som internt f\u00f6rs\u00f6ker beskriva deras uppdrag inom EU.<\/p>\n<p>Men vad h\u00e5ller de p\u00e5 med egentligen? Vad \u00e4r det jag bidrar till med mina skattepengar? Ber\u00e4tta s\u00e5 att ocks\u00e5 jag f\u00f6rst\u00e5r vad vi ska er verksamhet till. Vilken nytta g\u00f6r ni i praktiken och hur m\u00e4rks det att verksamheten fungerar?<\/p>\n<p>Detta \u00e4r inte helt l\u00e4tt f\u00f6r dem att f\u00f6rklara och det \u00e4r d\u00e4rf\u00f6r jag \u00e4r d\u00e4r inbjuden med Corporate Storytellingverktyget.<\/p>\n<p>Jag vet att dessa grupper numera tr\u00e4nar den enklare engelska ska beh\u00f6vs f\u00f6r att \u00f6verhuvudtaget kunna begripligg\u00f6ra EU-projektet och hela tanken med den inre marknaden. Och jag vill f\u00f6rst\u00e5s att de f\u00f6rpackar sina insikter i begripliga ber\u00e4ttelser.<\/p>\n<p>F\u00f6rkortningar och olika sorters byr\u00e5kratisk EU-slang riskerar annars att utveckla en introvert kommunikationskultur. Detta g\u00e4ller f\u00f6rst\u00e5s inte bara i EU-sammanhang utan ocks\u00e5 i andra internationella strukturer som ibland utvecklar spr\u00e5k som i v\u00e4rsta fall b\u00f6rjar dra \u00e5t sj\u00e4lvbekr\u00e4ftande interna l\u00e4ten.<\/p>\n<p>Varf\u00f6r finns ni? Varf\u00f6r ska vi som \u00e4r kunder och eller skattebetalare h\u00e5lla oss med er och ha nytta av er?<\/p>\n<p>Svaren p\u00e5 s\u00e5dana fr\u00e5gor f\u00f6rpackade i befolkad storytelling \/ storylisteningdramaturgi kan fylla kommunikationen med fruktsamt inneh\u00e5ll som ytterst leder till framg\u00e5ng och legitimitet.<\/p>\n<p>En god v\u00e4g \u00e4r att presentera h\u00e4ndelsebaserade ber\u00e4ttelser om verkliga situationer som speglar verksamheten.<\/p>\n","protected":false},"excerpt":{"rendered":"<p>Jag arbetar ibland med EU-finansierade organisationer som arbetar innanf\u00f6r EU:s yttre murar. Jag har varit med n\u00e4r deltagare fr\u00e5n 8 l\u00e4nder umg\u00e5s p\u00e5 engelska trots att ingen av dem har engelska som modersm\u00e5l. De fyller d\u00e5 ofta sitt spr\u00e5k med instuderade koder och f\u00f6rkortningar och h\u00e4nvisningar som internt f\u00f6rs\u00f6ker beskriva deras uppdrag inom EU. Men&#8230;<\/p>\n","protected":false},"author":2,"featured_media":0,"comment_status":"closed","ping_status":"closed","sticky":false,"template":"","format":"standard","meta":[],"categories":[2],"tags":[],"_links":{"self":[{"href":"https:\/\/storytellers.se\/index.php?rest_route=\/wp\/v2\/posts\/4143"}],"collection":[{"href":"https:\/\/storytellers.se\/index.php?rest_route=\/wp\/v2\/posts"}],"about":[{"href":"https:\/\/storytellers.se\/index.php?rest_route=\/wp\/v2\/types\/post"}],"author":[{"embeddable":true,"href":"https:\/\/storytellers.se\/index.php?rest_route=\/wp\/v2\/users\/2"}],"replies":[{"embeddable":true,"href":"https:\/\/storytellers.se\/index.php?rest_route=%2Fwp%2Fv2%2Fcomments&post=4143"}],"version-history":[{"count":0,"href":"https:\/\/storytellers.se\/index.php?rest_route=\/wp\/v2\/posts\/4143\/revisions"}],"wp:attachment":[{"href":"https:\/\/storytellers.se\/index.php?rest_route=%2Fwp%2Fv2%2Fmedia&parent=4143"}],"wp:term":[{"taxonomy":"category","embeddable":true,"href":"https:\/\/storytellers.se\/index.php?rest_route=%2Fwp%2Fv2%2Fcategories&post=4143"},{"taxonomy":"post_tag","embeddable":true,"href":"https:\/\/storytellers.se\/index.php?rest_route=%2Fwp%2Fv2%2Ftags&post=4143"}],"curies":[{"name":"wp","href":"https:\/\/api.w.org\/{rel}","templated":true}]}}