{"id":4136,"date":"2014-10-17T14:39:37","date_gmt":"2014-10-17T12:39:37","guid":{"rendered":"http:\/\/storytellers.se\/?p=4136"},"modified":"2014-10-17T14:39:37","modified_gmt":"2014-10-17T12:39:37","slug":"till-hassleholm-18-november","status":"publish","type":"post","link":"https:\/\/storytellers.se\/?p=4136","title":{"rendered":"Till H\u00e4ssleholm 18 november"},"content":{"rendered":"<p>I samarbete med <em>Camilla Bengtsson AB<\/em> h\u00e5ller jag ett eftermiddagsseminarium i H\u00e4ssleholm 18 november. Jag ska ber\u00e4tta om mitt m\u00e5ng\u00e5riga arbete med Corporate Storytelling, visa exempelfilmer och dela med mig av hantverket och dess verktyg.<\/p>\n<p>Deltagarna kommer sj\u00e4lva att under min ledning f\u00e4 reflektera \u00f6ver sina egna stories vilket inneb\u00e4r att man kan f\u00e5 med sig grunden till en ber\u00e4ttelse aprop\u00e5 den egna organisationen, varan eller tj\u00e4nsten.<\/p>\n<p>Vi v\u00e4nder oss fr\u00e4mst till mindre egenf\u00f6retagare men f\u00f6rel\u00e4sningen fungerar \u00e4ven f\u00f6r andra. Alla organisationer fr\u00e5n minsta egenf\u00f6retagare till st\u00f6rsta internationella organisation kommer inte undan fr\u00e5gan hur ber\u00e4ttarkapitalet skall sk\u00f6rdas och anv\u00e4ndas.<\/p>\n<p>L\u00e4s mer och g\u00f6r din eventuella anm\u00e4lan hos <a href=\"http:\/\/camillabengtsson.se\/2014\/workshop-i-storytelling\"><em>Camilla Bengtsson<\/em> h\u00e4r<\/a>.<\/p>\n","protected":false},"excerpt":{"rendered":"<p>I samarbete med Camilla Bengtsson AB h\u00e5ller jag ett eftermiddagsseminarium i H\u00e4ssleholm 18 november. Jag ska ber\u00e4tta om mitt m\u00e5ng\u00e5riga arbete med Corporate Storytelling, visa exempelfilmer och dela med mig av hantverket och dess verktyg. Deltagarna kommer sj\u00e4lva att under min ledning f\u00e4 reflektera \u00f6ver sina egna stories vilket inneb\u00e4r att man kan f\u00e5 med&#8230;<\/p>\n","protected":false},"author":2,"featured_media":0,"comment_status":"open","ping_status":"open","sticky":false,"template":"","format":"standard","meta":[],"categories":[9],"tags":[],"_links":{"self":[{"href":"https:\/\/storytellers.se\/index.php?rest_route=\/wp\/v2\/posts\/4136"}],"collection":[{"href":"https:\/\/storytellers.se\/index.php?rest_route=\/wp\/v2\/posts"}],"about":[{"href":"https:\/\/storytellers.se\/index.php?rest_route=\/wp\/v2\/types\/post"}],"author":[{"embeddable":true,"href":"https:\/\/storytellers.se\/index.php?rest_route=\/wp\/v2\/users\/2"}],"replies":[{"embeddable":true,"href":"https:\/\/storytellers.se\/index.php?rest_route=%2Fwp%2Fv2%2Fcomments&post=4136"}],"version-history":[{"count":0,"href":"https:\/\/storytellers.se\/index.php?rest_route=\/wp\/v2\/posts\/4136\/revisions"}],"wp:attachment":[{"href":"https:\/\/storytellers.se\/index.php?rest_route=%2Fwp%2Fv2%2Fmedia&parent=4136"}],"wp:term":[{"taxonomy":"category","embeddable":true,"href":"https:\/\/storytellers.se\/index.php?rest_route=%2Fwp%2Fv2%2Fcategories&post=4136"},{"taxonomy":"post_tag","embeddable":true,"href":"https:\/\/storytellers.se\/index.php?rest_route=%2Fwp%2Fv2%2Ftags&post=4136"}],"curies":[{"name":"wp","href":"https:\/\/api.w.org\/{rel}","templated":true}]}}