{"id":4131,"date":"2014-10-09T10:00:44","date_gmt":"2014-10-09T08:00:44","guid":{"rendered":"http:\/\/storytellers.se\/?p=4131"},"modified":"2014-10-09T10:00:44","modified_gmt":"2014-10-09T08:00:44","slug":"till-goteborg-21-oktober","status":"publish","type":"post","link":"https:\/\/storytellers.se\/?p=4131","title":{"rendered":"Till G\u00f6teborg 21 oktober"},"content":{"rendered":"<p>Den 21 oktober kommer jag f\u00f6r \u00e4nnu en frukostf\u00f6rel\u00e4sning i G\u00f6teborg. I samarbete med <a href=\"http:\/\/www.plyhm.se\/blog\/category\/storytelling\/\"><em>Plyhm Kommunikation<\/em><\/a> ber\u00e4ttar jag och visar n\u00e5gra exempel.<\/p>\n<p>Vill du komma som min g\u00e4st s\u00e5 kan du skicka ett mejl till matts@storytellers.se och skriva n\u00e5gon rad om vem du \u00e4r och vad som g\u00f6r att du \u00e4r intresserad av \u00e4mnet.<\/p>\n","protected":false},"excerpt":{"rendered":"<p>Den 21 oktober kommer jag f\u00f6r \u00e4nnu en frukostf\u00f6rel\u00e4sning i G\u00f6teborg. I samarbete med Plyhm Kommunikation ber\u00e4ttar jag och visar n\u00e5gra exempel. Vill du komma som min g\u00e4st s\u00e5 kan du skicka ett mejl till matts@storytellers.se och skriva n\u00e5gon rad om vem du \u00e4r och vad som g\u00f6r att du \u00e4r intresserad av \u00e4mnet.<\/p>\n","protected":false},"author":2,"featured_media":0,"comment_status":"open","ping_status":"open","sticky":false,"template":"","format":"standard","meta":[],"categories":[9],"tags":[],"_links":{"self":[{"href":"https:\/\/storytellers.se\/index.php?rest_route=\/wp\/v2\/posts\/4131"}],"collection":[{"href":"https:\/\/storytellers.se\/index.php?rest_route=\/wp\/v2\/posts"}],"about":[{"href":"https:\/\/storytellers.se\/index.php?rest_route=\/wp\/v2\/types\/post"}],"author":[{"embeddable":true,"href":"https:\/\/storytellers.se\/index.php?rest_route=\/wp\/v2\/users\/2"}],"replies":[{"embeddable":true,"href":"https:\/\/storytellers.se\/index.php?rest_route=%2Fwp%2Fv2%2Fcomments&post=4131"}],"version-history":[{"count":0,"href":"https:\/\/storytellers.se\/index.php?rest_route=\/wp\/v2\/posts\/4131\/revisions"}],"wp:attachment":[{"href":"https:\/\/storytellers.se\/index.php?rest_route=%2Fwp%2Fv2%2Fmedia&parent=4131"}],"wp:term":[{"taxonomy":"category","embeddable":true,"href":"https:\/\/storytellers.se\/index.php?rest_route=%2Fwp%2Fv2%2Fcategories&post=4131"},{"taxonomy":"post_tag","embeddable":true,"href":"https:\/\/storytellers.se\/index.php?rest_route=%2Fwp%2Fv2%2Ftags&post=4131"}],"curies":[{"name":"wp","href":"https:\/\/api.w.org\/{rel}","templated":true}]}}