{"id":4086,"date":"2014-09-08T12:02:11","date_gmt":"2014-09-08T10:02:11","guid":{"rendered":"http:\/\/storytellers.se\/?p=4086"},"modified":"2014-09-08T12:02:11","modified_gmt":"2014-09-08T10:02:11","slug":"kvinnor-som-driver-foretag","status":"publish","type":"post","link":"https:\/\/storytellers.se\/?p=4086","title":{"rendered":"Kvinnor som driver f\u00f6retag"},"content":{"rendered":"<p>Jag har i omg\u00e5ngar haft uppdraget av Tillv\u00e4xtverket att arbeta med Storytelling f\u00f6r det s\u00e5 kallade Ambassad\u00f6rsn\u00e4tverket ( ambassadorer.se ). Jag har tr\u00e4ffat \u00f6ver 500 kvinnor som engagerat sig i n\u00e4tverket och jag har sk\u00f6rdat ber\u00e4ttelser om dem. Det var <strong>Maud Olofsson<\/strong> som m\u00f6jliggjorde detta entrepren\u00f6rsn\u00e4tverk som vill stimulera kvinnor att starta f\u00f6retag. Det \u00e4r n\u00e4mligen bara knappt tre av tio f\u00f6retagare som \u00e4r kvinnor. Maud Olofsson anser att det d\u00e4r borde finnas en potential att f\u00e5 fler kvinnor att satsa p\u00e5 f\u00f6retagande och att det d\u00e4rf\u00f6r beh\u00f6vs kvinnor som entrepren\u00f6rsf\u00f6rebilder.<\/p>\n<p>Konsten \u00e4r att finna och sk\u00f6rda de h\u00e4ndelsebaserade ber\u00e4ttelserna. Vad var det som h\u00e4nde, fr\u00e5gade jag bland annat <strong>Camilla Aspelin<\/strong>. D\u00e5 svarade hon s\u00e5 h\u00e4r:<\/p>\n<p><iframe loading=\"lazy\" title=\"En f\u00f6retagare ber\u00e4ttar - Camilla Aspelin J.I.F.F. AB\" width=\"700\" height=\"394\" src=\"https:\/\/www.youtube.com\/embed\/2aYtHC9bUnc?feature=oembed\" frameborder=\"0\" allow=\"accelerometer; autoplay; clipboard-write; encrypted-media; gyroscope; picture-in-picture; web-share\" allowfullscreen><\/iframe><\/p>\n","protected":false},"excerpt":{"rendered":"<p>Jag har i omg\u00e5ngar haft uppdraget av Tillv\u00e4xtverket att arbeta med Storytelling f\u00f6r det s\u00e5 kallade Ambassad\u00f6rsn\u00e4tverket ( ambassadorer.se ). Jag har tr\u00e4ffat \u00f6ver 500 kvinnor som engagerat sig i n\u00e4tverket och jag har sk\u00f6rdat ber\u00e4ttelser om dem. Det var Maud Olofsson som m\u00f6jliggjorde detta entrepren\u00f6rsn\u00e4tverk som vill stimulera kvinnor att starta f\u00f6retag. Det \u00e4r&#8230;<\/p>\n","protected":false},"author":2,"featured_media":0,"comment_status":"open","ping_status":"open","sticky":false,"template":"","format":"standard","meta":[],"categories":[13],"tags":[],"_links":{"self":[{"href":"https:\/\/storytellers.se\/index.php?rest_route=\/wp\/v2\/posts\/4086"}],"collection":[{"href":"https:\/\/storytellers.se\/index.php?rest_route=\/wp\/v2\/posts"}],"about":[{"href":"https:\/\/storytellers.se\/index.php?rest_route=\/wp\/v2\/types\/post"}],"author":[{"embeddable":true,"href":"https:\/\/storytellers.se\/index.php?rest_route=\/wp\/v2\/users\/2"}],"replies":[{"embeddable":true,"href":"https:\/\/storytellers.se\/index.php?rest_route=%2Fwp%2Fv2%2Fcomments&post=4086"}],"version-history":[{"count":0,"href":"https:\/\/storytellers.se\/index.php?rest_route=\/wp\/v2\/posts\/4086\/revisions"}],"wp:attachment":[{"href":"https:\/\/storytellers.se\/index.php?rest_route=%2Fwp%2Fv2%2Fmedia&parent=4086"}],"wp:term":[{"taxonomy":"category","embeddable":true,"href":"https:\/\/storytellers.se\/index.php?rest_route=%2Fwp%2Fv2%2Fcategories&post=4086"},{"taxonomy":"post_tag","embeddable":true,"href":"https:\/\/storytellers.se\/index.php?rest_route=%2Fwp%2Fv2%2Ftags&post=4086"}],"curies":[{"name":"wp","href":"https:\/\/api.w.org\/{rel}","templated":true}]}}